{"id":5015,"date":"2025-04-10T14:36:56","date_gmt":"2025-04-10T14:36:56","guid":{"rendered":"https:\/\/portaldaacorianidade.azores.gov.pt\/?p=5015"},"modified":"2025-04-10T14:36:56","modified_gmt":"2025-04-10T14:36:56","slug":"social-service-organisations-from-the-azores-and-diaspora-meet-in-ponta-delgada-on-monday","status":"publish","type":"post","link":"https:\/\/portaldaacorianidade.azores.gov.pt\/en\/social-service-organisations-from-the-azores-and-diaspora-meet-in-ponta-delgada-on-monday\/","title":{"rendered":"Social Service organisations from the Azores and Diaspora meet in Ponta Delgada on Monday"},"content":{"rendered":"<p>The Regional Secretariat for Parliamentary Affairs and Communities, through the Regional Directorate for the Communities, is organising an International Seminar for Social Service Organisations from the Azores and the Diaspora next Monday, April 14, at the Regional Civil Engineering Laboratory auditorium in Ponta Delgada.<\/p>\n<p>With this meeting, the Azorean Government intends to reactivate and boost the International Network of Social Organisations in the United States of America, Canada and Bermuda, with which the Regional Directorate for the Communities maintains annual financial cooperation protocols. They are intended to strengthen transatlantic collaboration for the benefit of the Azorean communities in North America.<\/p>\n<p>This initiative brings together representatives of various institutions working in social intervention with the Azorean communities in the United States of America, Canada, Bermuda and the Autonomous Region of the Azores to support the integration of Azorean emigrants and returned emigrants.<\/p>\n<p>The international seminar is open to the general public and aims to share the work carried out by the different organisations. Its sessions are broadcast directly on the &#8220;Azorean Communities&#8221; page on Facebook and the Regional Government YouTube channel.<\/p>\n<p>The work begins at 10 a.m. with a first panel dedicated to &#8220;Social Service Organisations in the Autonomous Region of the Azores.&#8221; It will feature the following participants: Telma Silva, from the Regional Directorate for the Communities, T\u00e2nica Fonseca, from ISSA &#8211; Institute for Social Security of the Azores, Andrea Moniz de Sousa, from the Association of Azorean Emigrants, Emanuela Braga, from APAV &#8211; Portuguese Association for Victim Support, Suzete Frias, from ARRISCA &#8211; Regional Association for Rehabilitation and Socio-Cultural Integration of the Azores, Paulo Braga, from Instituto S\u00e3o Jo\u00e3o de Deus \/ Casa de Sa\u00fade de S\u00e3o Miguel (mental institution), and Helder Fernandes, from NOVO DIA &#8211; Association for Social Inclusion.<\/p>\n<p>The work resumes at 2:30 p.m., with a second panel on &#8220;Social Service Organisations in the United States of America.&#8221; It will feature the following speakers: \u00a0Rui Rosa, from Catholic Social Services (Fall River, Massachusetts), Helena Hughes, from the Immigrants Assistance Center (New Bedford, Massachusetts), Paulo Pinto, from MAPS &#8211; Massachusetts Alliance of Portuguese Speakers (Cambridge, Massachusetts), Elsa Oliveira, from POSSO &#8211; Portuguese Organization for Social Services and Opportunities (San Jose, California), Cristina Raposo, from SER Jobs for Progress (Fall River, Massachusetts), and Elmano Rosa, from VALER &#8211; Valley Area Living Enabling Resources (Turlock, California- VALER ).<\/p>\n<p>The third and final panel of the seminar, scheduled for 4 p.m., will focus on &#8220;Social Service Organisations in Canada and Bermuda&#8221; and will feature speeches by Mar\u00edlia dos Santos, from the Abrigo Centre (Toronto, Ontario), Anabela Nunes, from the Working Women Community Centre (Toronto, Ontario), Ad\u00e9lia Ferreira, from the Centre for Socio-Community Action of Montreal (Montreal, Quebec), Nance Martins, from the Luso Canadian Charitable Society (Hamilton, Ontario), and Richard Ambr\u00f3sio, from the Vasco da Gama Club (Bermuda).<\/p>\n<p>The three panels will be followed by debates moderated by the Regional Director for the Communities, Jos\u00e9 Andrade.<\/p>\n<p>The following day, April 15, the association leaders will visit the \u00a0Emergency Shelter Centre (Drop-in) of NOVO DIA &#8211; Association for Social Inclusion and the C\u00e1ritas Unit on the island of S\u00e3o Miguel.<\/p>\n<p>In the afternoon, there will be an internal meeting of the International Network of Social Service Organisations in the Azores and the Diaspora, involving the participation of the entities represented at the seminar, which will be held in the training room of the Regional Civil Engineering Laboratory. The sessions address the prospects for social support for Azorean emigrants in North America and emigrants returning\/deported to the Region.<\/p>\n<p>This meeting, chaired by the Regional Secretary for Parliamentary Affairs and Communities, Paulo Est\u00eav\u00e3o, will also be attended by the Regional Director for the Communities, Jos\u00e9 Andrade, and the coordinator of the International Network of Social Service Organisations in the Azores and the Diaspora, Telma Silva.<\/p>\n<p>The mission of the international network of social service organisations is to encourage cooperation and coordination between institutions in various countries under the coordination of the Regional Directorate for the Communities. It brings together associations and\/or other organisations involved in social activities with the Azorean communities in the United States of America, Canada and Bermuda.<\/p>\n<p>Acknowledging the relevant role played by these organisations, the Regional Government of the Azores has promoted support for their activities, through annual financial cooperation protocols, promoting the integration and well-being of the Azorean communities, not only in the regions where they have emigrated but also in their homeland upon their return.<\/p>\n","protected":false},"excerpt":{"rendered":"<p>The Regional Secretariat for Parliamentary Affairs and Communities, through the Regional Directorate for the Communities, is organising an International Seminar for Social Service Organisations from the Azores and the Diaspora next Monday, April 14, at the Regional Civil Engineering Laboratory auditorium in Ponta Delgada. With this meeting, the Azorean Government intends to reactivate and boost [&hellip;]<\/p>\n","protected":false},"author":3,"featured_media":5012,"comment_status":"closed","ping_status":"closed","sticky":false,"template":"","format":"standard","meta":[],"categories":[32,30],"tags":[],"yoast_head":"<!-- This site is optimized with the Yoast SEO plugin v17.3 - https:\/\/yoast.com\/wordpress\/plugins\/seo\/ -->\n<title>Social Service organisations from the Azores and Diaspora meet in Ponta Delgada on Monday - Portal da A\u00e7orianidade - plataforma com os sites geridos pela Vice Presid\u00eancia do Governo<\/title>\n<meta name=\"robots\" content=\"index, follow, max-snippet:-1, max-image-preview:large, max-video-preview:-1\" \/>\n<link rel=\"canonical\" href=\"https:\/\/portaldaacorianidade.azores.gov.pt\/en\/social-service-organisations-from-the-azores-and-diaspora-meet-in-ponta-delgada-on-monday\/\" \/>\n<meta property=\"og:locale\" content=\"en_US\" \/>\n<meta property=\"og:type\" content=\"article\" \/>\n<meta property=\"og:title\" content=\"Social Service organisations from the Azores and Diaspora meet in Ponta Delgada on Monday - Portal da A\u00e7orianidade - plataforma com os sites geridos pela Vice Presid\u00eancia do Governo\" \/>\n<meta property=\"og:description\" content=\"The Regional Secretariat for Parliamentary Affairs and Communities, through the Regional Directorate for the Communities, is organising an International Seminar for Social Service Organisations from the Azores and the Diaspora next Monday, April 14, at the Regional Civil Engineering Laboratory auditorium in Ponta Delgada. With this meeting, the Azorean Government intends to reactivate and boost [&hellip;]\" \/>\n<meta property=\"og:url\" content=\"https:\/\/portaldaacorianidade.azores.gov.pt\/en\/social-service-organisations-from-the-azores-and-diaspora-meet-in-ponta-delgada-on-monday\/\" \/>\n<meta property=\"og:site_name\" content=\"Portal da A\u00e7orianidade - plataforma com os sites geridos pela Vice Presid\u00eancia do Governo\" \/>\n<meta property=\"article:published_time\" content=\"2025-04-10T14:36:56+00:00\" \/>\n<meta property=\"og:image\" content=\"https:\/\/portaldaacorianidade.azores.gov.pt\/wp-content\/uploads\/2025\/04\/oss-imagem.jpg\" \/>\n\t<meta property=\"og:image:width\" content=\"1702\" \/>\n\t<meta property=\"og:image:height\" content=\"630\" \/>\n<meta name=\"twitter:card\" content=\"summary_large_image\" \/>\n<meta name=\"twitter:label1\" content=\"Written by\" \/>\n\t<meta name=\"twitter:data1\" content=\"drc\" \/>\n\t<meta name=\"twitter:label2\" content=\"Est. reading time\" \/>\n\t<meta name=\"twitter:data2\" content=\"4 minutes\" \/>\n<script type=\"application\/ld+json\" class=\"yoast-schema-graph\">{\"@context\":\"https:\/\/schema.org\",\"@graph\":[{\"@type\":\"WebSite\",\"@id\":\"https:\/\/portaldaacorianidade.azores.gov.pt\/#website\",\"url\":\"https:\/\/portaldaacorianidade.azores.gov.pt\/\",\"name\":\"Portal da A\\u00e7orianidade - plataforma com os sites geridos pela Vice Presid\\u00eancia do Governo\",\"description\":\" Plataforma os v\\u00e1rios sites geridos pela Vice-Presid\\u00eancia do Governo dos A\\u00e7ores, atrav\\u00e9s da Dire\\u00e7\\u00e3o Regional das Comunidades\",\"potentialAction\":[{\"@type\":\"SearchAction\",\"target\":{\"@type\":\"EntryPoint\",\"urlTemplate\":\"https:\/\/portaldaacorianidade.azores.gov.pt\/?s={search_term_string}\"},\"query-input\":\"required name=search_term_string\"}],\"inLanguage\":\"en-US\"},{\"@type\":\"ImageObject\",\"@id\":\"https:\/\/portaldaacorianidade.azores.gov.pt\/en\/social-service-organisations-from-the-azores-and-diaspora-meet-in-ponta-delgada-on-monday\/#primaryimage\",\"inLanguage\":\"en-US\",\"url\":\"https:\/\/portaldaacorianidade.azores.gov.pt\/wp-content\/uploads\/2025\/04\/oss-imagem.jpg\",\"contentUrl\":\"https:\/\/portaldaacorianidade.azores.gov.pt\/wp-content\/uploads\/2025\/04\/oss-imagem.jpg\",\"width\":1702,\"height\":630},{\"@type\":\"WebPage\",\"@id\":\"https:\/\/portaldaacorianidade.azores.gov.pt\/en\/social-service-organisations-from-the-azores-and-diaspora-meet-in-ponta-delgada-on-monday\/#webpage\",\"url\":\"https:\/\/portaldaacorianidade.azores.gov.pt\/en\/social-service-organisations-from-the-azores-and-diaspora-meet-in-ponta-delgada-on-monday\/\",\"name\":\"Social Service organisations from the Azores and Diaspora meet in Ponta Delgada on Monday - Portal da A\\u00e7orianidade - plataforma com os sites geridos pela Vice Presid\\u00eancia do Governo\",\"isPartOf\":{\"@id\":\"https:\/\/portaldaacorianidade.azores.gov.pt\/#website\"},\"primaryImageOfPage\":{\"@id\":\"https:\/\/portaldaacorianidade.azores.gov.pt\/en\/social-service-organisations-from-the-azores-and-diaspora-meet-in-ponta-delgada-on-monday\/#primaryimage\"},\"datePublished\":\"2025-04-10T14:36:56+00:00\",\"dateModified\":\"2025-04-10T14:36:56+00:00\",\"author\":{\"@id\":\"https:\/\/portaldaacorianidade.azores.gov.pt\/#\/schema\/person\/30f08a4a879b417fb08758cfe32fa2b7\"},\"breadcrumb\":{\"@id\":\"https:\/\/portaldaacorianidade.azores.gov.pt\/en\/social-service-organisations-from-the-azores-and-diaspora-meet-in-ponta-delgada-on-monday\/#breadcrumb\"},\"inLanguage\":\"en-US\",\"potentialAction\":[{\"@type\":\"ReadAction\",\"target\":[\"https:\/\/portaldaacorianidade.azores.gov.pt\/en\/social-service-organisations-from-the-azores-and-diaspora-meet-in-ponta-delgada-on-monday\/\"]}]},{\"@type\":\"BreadcrumbList\",\"@id\":\"https:\/\/portaldaacorianidade.azores.gov.pt\/en\/social-service-organisations-from-the-azores-and-diaspora-meet-in-ponta-delgada-on-monday\/#breadcrumb\",\"itemListElement\":[{\"@type\":\"ListItem\",\"position\":1,\"name\":\"Social Service organisations from the Azores and Diaspora meet in Ponta Delgada on Monday\"}]},{\"@type\":\"Person\",\"@id\":\"https:\/\/portaldaacorianidade.azores.gov.pt\/#\/schema\/person\/30f08a4a879b417fb08758cfe32fa2b7\",\"name\":\"drc\",\"image\":{\"@type\":\"ImageObject\",\"@id\":\"https:\/\/portaldaacorianidade.azores.gov.pt\/#personlogo\",\"inLanguage\":\"en-US\",\"url\":\"https:\/\/secure.gravatar.com\/avatar\/228c5f796e635a16246d2001595092bb?s=96&d=mm&r=g\",\"contentUrl\":\"https:\/\/secure.gravatar.com\/avatar\/228c5f796e635a16246d2001595092bb?s=96&d=mm&r=g\",\"caption\":\"drc\"},\"url\":\"https:\/\/portaldaacorianidade.azores.gov.pt\/en\/author\/drc\/\"}]}<\/script>\n<!-- \/ Yoast SEO plugin. -->","yoast_head_json":{"title":"Social Service organisations from the Azores and Diaspora meet in Ponta Delgada on Monday - Portal da A\u00e7orianidade - plataforma com os sites geridos pela Vice Presid\u00eancia do Governo","robots":{"index":"index","follow":"follow","max-snippet":"max-snippet:-1","max-image-preview":"max-image-preview:large","max-video-preview":"max-video-preview:-1"},"canonical":"https:\/\/portaldaacorianidade.azores.gov.pt\/en\/social-service-organisations-from-the-azores-and-diaspora-meet-in-ponta-delgada-on-monday\/","og_locale":"en_US","og_type":"article","og_title":"Social Service organisations from the Azores and Diaspora meet in Ponta Delgada on Monday - Portal da A\u00e7orianidade - plataforma com os sites geridos pela Vice Presid\u00eancia do Governo","og_description":"The Regional Secretariat for Parliamentary Affairs and Communities, through the Regional Directorate for the Communities, is organising an International Seminar for Social Service Organisations from the Azores and the Diaspora next Monday, April 14, at the Regional Civil Engineering Laboratory auditorium in Ponta Delgada. With this meeting, the Azorean Government intends to reactivate and boost [&hellip;]","og_url":"https:\/\/portaldaacorianidade.azores.gov.pt\/en\/social-service-organisations-from-the-azores-and-diaspora-meet-in-ponta-delgada-on-monday\/","og_site_name":"Portal da A\u00e7orianidade - plataforma com os sites geridos pela Vice Presid\u00eancia do Governo","article_published_time":"2025-04-10T14:36:56+00:00","og_image":[{"width":1702,"height":630,"url":"https:\/\/portaldaacorianidade.azores.gov.pt\/wp-content\/uploads\/2025\/04\/oss-imagem.jpg","type":"image\/jpeg"}],"twitter_card":"summary_large_image","twitter_misc":{"Written by":"drc","Est. reading time":"4 minutes"},"schema":{"@context":"https:\/\/schema.org","@graph":[{"@type":"WebSite","@id":"https:\/\/portaldaacorianidade.azores.gov.pt\/#website","url":"https:\/\/portaldaacorianidade.azores.gov.pt\/","name":"Portal da A\u00e7orianidade - plataforma com os sites geridos pela Vice Presid\u00eancia do Governo","description":" Plataforma os v\u00e1rios sites geridos pela Vice-Presid\u00eancia do Governo dos A\u00e7ores, atrav\u00e9s da Dire\u00e7\u00e3o Regional das Comunidades","potentialAction":[{"@type":"SearchAction","target":{"@type":"EntryPoint","urlTemplate":"https:\/\/portaldaacorianidade.azores.gov.pt\/?s={search_term_string}"},"query-input":"required name=search_term_string"}],"inLanguage":"en-US"},{"@type":"ImageObject","@id":"https:\/\/portaldaacorianidade.azores.gov.pt\/en\/social-service-organisations-from-the-azores-and-diaspora-meet-in-ponta-delgada-on-monday\/#primaryimage","inLanguage":"en-US","url":"https:\/\/portaldaacorianidade.azores.gov.pt\/wp-content\/uploads\/2025\/04\/oss-imagem.jpg","contentUrl":"https:\/\/portaldaacorianidade.azores.gov.pt\/wp-content\/uploads\/2025\/04\/oss-imagem.jpg","width":1702,"height":630},{"@type":"WebPage","@id":"https:\/\/portaldaacorianidade.azores.gov.pt\/en\/social-service-organisations-from-the-azores-and-diaspora-meet-in-ponta-delgada-on-monday\/#webpage","url":"https:\/\/portaldaacorianidade.azores.gov.pt\/en\/social-service-organisations-from-the-azores-and-diaspora-meet-in-ponta-delgada-on-monday\/","name":"Social Service organisations from the Azores and Diaspora meet in Ponta Delgada on Monday - Portal da A\u00e7orianidade - plataforma com os sites geridos pela Vice Presid\u00eancia do Governo","isPartOf":{"@id":"https:\/\/portaldaacorianidade.azores.gov.pt\/#website"},"primaryImageOfPage":{"@id":"https:\/\/portaldaacorianidade.azores.gov.pt\/en\/social-service-organisations-from-the-azores-and-diaspora-meet-in-ponta-delgada-on-monday\/#primaryimage"},"datePublished":"2025-04-10T14:36:56+00:00","dateModified":"2025-04-10T14:36:56+00:00","author":{"@id":"https:\/\/portaldaacorianidade.azores.gov.pt\/#\/schema\/person\/30f08a4a879b417fb08758cfe32fa2b7"},"breadcrumb":{"@id":"https:\/\/portaldaacorianidade.azores.gov.pt\/en\/social-service-organisations-from-the-azores-and-diaspora-meet-in-ponta-delgada-on-monday\/#breadcrumb"},"inLanguage":"en-US","potentialAction":[{"@type":"ReadAction","target":["https:\/\/portaldaacorianidade.azores.gov.pt\/en\/social-service-organisations-from-the-azores-and-diaspora-meet-in-ponta-delgada-on-monday\/"]}]},{"@type":"BreadcrumbList","@id":"https:\/\/portaldaacorianidade.azores.gov.pt\/en\/social-service-organisations-from-the-azores-and-diaspora-meet-in-ponta-delgada-on-monday\/#breadcrumb","itemListElement":[{"@type":"ListItem","position":1,"name":"Social Service organisations from the Azores and Diaspora meet in Ponta Delgada on Monday"}]},{"@type":"Person","@id":"https:\/\/portaldaacorianidade.azores.gov.pt\/#\/schema\/person\/30f08a4a879b417fb08758cfe32fa2b7","name":"drc","image":{"@type":"ImageObject","@id":"https:\/\/portaldaacorianidade.azores.gov.pt\/#personlogo","inLanguage":"en-US","url":"https:\/\/secure.gravatar.com\/avatar\/228c5f796e635a16246d2001595092bb?s=96&d=mm&r=g","contentUrl":"https:\/\/secure.gravatar.com\/avatar\/228c5f796e635a16246d2001595092bb?s=96&d=mm&r=g","caption":"drc"},"url":"https:\/\/portaldaacorianidade.azores.gov.pt\/en\/author\/drc\/"}]}},"_links":{"self":[{"href":"https:\/\/portaldaacorianidade.azores.gov.pt\/en\/wp-json\/wp\/v2\/posts\/5015"}],"collection":[{"href":"https:\/\/portaldaacorianidade.azores.gov.pt\/en\/wp-json\/wp\/v2\/posts"}],"about":[{"href":"https:\/\/portaldaacorianidade.azores.gov.pt\/en\/wp-json\/wp\/v2\/types\/post"}],"author":[{"embeddable":true,"href":"https:\/\/portaldaacorianidade.azores.gov.pt\/en\/wp-json\/wp\/v2\/users\/3"}],"replies":[{"embeddable":true,"href":"https:\/\/portaldaacorianidade.azores.gov.pt\/en\/wp-json\/wp\/v2\/comments?post=5015"}],"version-history":[{"count":1,"href":"https:\/\/portaldaacorianidade.azores.gov.pt\/en\/wp-json\/wp\/v2\/posts\/5015\/revisions"}],"predecessor-version":[{"id":5016,"href":"https:\/\/portaldaacorianidade.azores.gov.pt\/en\/wp-json\/wp\/v2\/posts\/5015\/revisions\/5016"}],"wp:featuredmedia":[{"embeddable":true,"href":"https:\/\/portaldaacorianidade.azores.gov.pt\/en\/wp-json\/wp\/v2\/media\/5012"}],"wp:attachment":[{"href":"https:\/\/portaldaacorianidade.azores.gov.pt\/en\/wp-json\/wp\/v2\/media?parent=5015"}],"wp:term":[{"taxonomy":"category","embeddable":true,"href":"https:\/\/portaldaacorianidade.azores.gov.pt\/en\/wp-json\/wp\/v2\/categories?post=5015"},{"taxonomy":"post_tag","embeddable":true,"href":"https:\/\/portaldaacorianidade.azores.gov.pt\/en\/wp-json\/wp\/v2\/tags?post=5015"}],"curies":[{"name":"wp","href":"https:\/\/api.w.org\/{rel}","templated":true}]}}