{"id":5008,"date":"2025-04-01T14:42:22","date_gmt":"2025-04-01T14:42:22","guid":{"rendered":"https:\/\/portaldaacorianidade.azores.gov.pt\/?p=5008"},"modified":"2025-04-01T14:42:22","modified_gmt":"2025-04-01T14:42:22","slug":"applications-for-azorean-diaspora-adviser-run-from-april-1-to-10","status":"publish","type":"post","link":"https:\/\/portaldaacorianidade.azores.gov.pt\/en\/applications-for-azorean-diaspora-adviser-run-from-april-1-to-10\/","title":{"rendered":"Applications for Azorean Diaspora Adviser run from April 1 to 10"},"content":{"rendered":"<p>The Regional Secretariat for Parliamentary Affairs and Communities informs that the submission period for applications for Azorean Diaspora Adviser runs from April 1 to 10.<\/p>\n<p>This process, which will culminate in the election of the 19 advisers who will make up the Azorean Diaspora Council (CDA) for the 2025-2029 term, is carried out through the Azoreans in the World website, a platform managed by the Regional Directorate for the Communities to register Azoreans living outside the Region. Any of those registered in this digital space can submit their application to represent the geographical area in the Azorean diaspora corresponding to their residence.<\/p>\n<p>Created in 2019 and formally established in 2021, this advisory body chaired by the President of the Government of the Azores aims to ensure the participation, collaboration and consultation of all those who wish to contribute to the Azores&#8217; development project.<\/p>\n<p>In this context, the CDA is responsible for involving Azoreans living outside the archipelago in the debate and definition of public policies and Azorean public projects, issuing opinions on legislation, programmes or measures developed by the Regional Government regarding emigration and the Azorean Diaspora. Furthermore, it contributes to the definition and coordination of policies to strengthen relations between the Diaspora and the Region, ensure the hearing and representation of public and private entities working in the areas of emigration and Azorean communities, propose initiatives meeting the needs and aspirations of Azoreans around the world, and improve the coordination of actions between partners and entities.<\/p>\n<p>The CDA provides for the election of 19 representatives: one from Bermuda, five from Brazil (Rio Grande do Sul, Rio de Janeiro, Santa Catarina, S\u00e3o Paulo and the remaining states), five from Canada (British Columbia, Manitoba, Ontario, Quebec and the remaining provinces), five from the United States of America (California, Massachusetts, Rhode Island and two of the remaining states), one from Uruguay, one from Portugal (Mainland Portugal and the Autonomous Region of Madeira) and one representing the rest of the world.<\/p>\n<p>Citizens registered on the Azoreans in the World website who have lived in the aforementioned geographical areas for more than five years and meet one of the following conditions are eligible to become advisers: having been born in the Azores or having Azorean ancestry; having lived in the Region for at least five years; and being married or living in a civil partnership with someone who can prove their ties to the Azores.<\/p>\n<p>After the period for submitting applications for Azorean Diaspora Adviser, the lists for each geographical area will be validated between April 11 and April 14. The valid applications will then have one month for their presentation, in the run-up to the election, scheduled between May 20 and 24, 2025.<\/p>\n<p>All stages of this process are carried out online via the Azoreans in the World platform, available at https:\/\/acorianosnomundo.azores.gov.pt\/.<\/p>\n<p>The CDA&#8217;s first term, which is now coming to an end, had the following members: Alexandre Raposo Moniz (Bermuda), Daniel Gon\u00e7alves (Rio de Janeiro), Regis Marques Gomes (Rio Grande do Sul), William Agostinho Marques (State of Santa Catarina), Jos\u00e9 Jacob (S\u00e3o Paulo) and Aristides Bittencourt (other Brazilian states), Eduardo Bettencourt Pinto (British Columbia), Paulo Jorge Cabral (Manitoba), Matthew Correia (Ontario), Victor Faria (Quebec), and Carlos Eduardo de Almeida (other Canadian provinces). In the United States of America, Zeto Carvalho represented the state of California, Rui Baptista represented Massachusetts, M\u00e1rcia Sousa da Ponte represented Rhode Island, and David Rebelo Pimentel and Katherine Soares represented the other US states. In Uruguay, the Azorean Diaspora was represented by Gladys Alicia Quintana Diaz, while the Mainland Portugal and the Autonomous Region of Madeira were represented by Maria Manuela Meneses. Eduardo Borba da Silva was the adviser representing the Rest of the World.<\/p>\n","protected":false},"excerpt":{"rendered":"<p>The Regional Secretariat for Parliamentary Affairs and Communities informs that the submission period for applications for Azorean Diaspora Adviser runs from April 1 to 10. This process, which will culminate in the election of the 19 advisers who will make up the Azorean Diaspora Council (CDA) for the 2025-2029 term, is carried out through the [&hellip;]<\/p>\n","protected":false},"author":3,"featured_media":5006,"comment_status":"closed","ping_status":"closed","sticky":false,"template":"","format":"standard","meta":[],"categories":[32,30],"tags":[],"yoast_head":"<!-- This site is optimized with the Yoast SEO plugin v17.3 - https:\/\/yoast.com\/wordpress\/plugins\/seo\/ -->\n<title>Applications for Azorean Diaspora Adviser run from April 1 to 10 - Portal da A\u00e7orianidade - plataforma com os sites geridos pela Vice Presid\u00eancia do Governo<\/title>\n<meta name=\"robots\" content=\"index, follow, max-snippet:-1, max-image-preview:large, max-video-preview:-1\" \/>\n<link rel=\"canonical\" href=\"https:\/\/portaldaacorianidade.azores.gov.pt\/en\/applications-for-azorean-diaspora-adviser-run-from-april-1-to-10\/\" \/>\n<meta property=\"og:locale\" content=\"en_US\" \/>\n<meta property=\"og:type\" content=\"article\" \/>\n<meta property=\"og:title\" content=\"Applications for Azorean Diaspora Adviser run from April 1 to 10 - Portal da A\u00e7orianidade - plataforma com os sites geridos pela Vice Presid\u00eancia do Governo\" \/>\n<meta property=\"og:description\" content=\"The Regional Secretariat for Parliamentary Affairs and Communities informs that the submission period for applications for Azorean Diaspora Adviser runs from April 1 to 10. This process, which will culminate in the election of the 19 advisers who will make up the Azorean Diaspora Council (CDA) for the 2025-2029 term, is carried out through the [&hellip;]\" \/>\n<meta property=\"og:url\" content=\"https:\/\/portaldaacorianidade.azores.gov.pt\/en\/applications-for-azorean-diaspora-adviser-run-from-april-1-to-10\/\" \/>\n<meta property=\"og:site_name\" content=\"Portal da A\u00e7orianidade - plataforma com os sites geridos pela Vice Presid\u00eancia do Governo\" \/>\n<meta property=\"article:published_time\" content=\"2025-04-01T14:42:22+00:00\" \/>\n<meta property=\"og:image\" content=\"https:\/\/portaldaacorianidade.azores.gov.pt\/wp-content\/uploads\/2025\/04\/CDA-25.jpg\" \/>\n\t<meta property=\"og:image:width\" content=\"2553\" \/>\n\t<meta property=\"og:image:height\" content=\"945\" \/>\n<meta name=\"twitter:card\" content=\"summary_large_image\" \/>\n<meta name=\"twitter:label1\" content=\"Written by\" \/>\n\t<meta name=\"twitter:data1\" content=\"drc\" \/>\n\t<meta name=\"twitter:label2\" content=\"Est. reading time\" \/>\n\t<meta name=\"twitter:data2\" content=\"3 minutes\" \/>\n<script type=\"application\/ld+json\" class=\"yoast-schema-graph\">{\"@context\":\"https:\/\/schema.org\",\"@graph\":[{\"@type\":\"WebSite\",\"@id\":\"https:\/\/portaldaacorianidade.azores.gov.pt\/#website\",\"url\":\"https:\/\/portaldaacorianidade.azores.gov.pt\/\",\"name\":\"Portal da A\\u00e7orianidade - plataforma com os sites geridos pela Vice Presid\\u00eancia do Governo\",\"description\":\" Plataforma os v\\u00e1rios sites geridos pela Vice-Presid\\u00eancia do Governo dos A\\u00e7ores, atrav\\u00e9s da Dire\\u00e7\\u00e3o Regional das Comunidades\",\"potentialAction\":[{\"@type\":\"SearchAction\",\"target\":{\"@type\":\"EntryPoint\",\"urlTemplate\":\"https:\/\/portaldaacorianidade.azores.gov.pt\/?s={search_term_string}\"},\"query-input\":\"required name=search_term_string\"}],\"inLanguage\":\"en-US\"},{\"@type\":\"ImageObject\",\"@id\":\"https:\/\/portaldaacorianidade.azores.gov.pt\/en\/applications-for-azorean-diaspora-adviser-run-from-april-1-to-10\/#primaryimage\",\"inLanguage\":\"en-US\",\"url\":\"https:\/\/portaldaacorianidade.azores.gov.pt\/wp-content\/uploads\/2025\/04\/CDA-25.jpg\",\"contentUrl\":\"https:\/\/portaldaacorianidade.azores.gov.pt\/wp-content\/uploads\/2025\/04\/CDA-25.jpg\",\"width\":2553,\"height\":945},{\"@type\":\"WebPage\",\"@id\":\"https:\/\/portaldaacorianidade.azores.gov.pt\/en\/applications-for-azorean-diaspora-adviser-run-from-april-1-to-10\/#webpage\",\"url\":\"https:\/\/portaldaacorianidade.azores.gov.pt\/en\/applications-for-azorean-diaspora-adviser-run-from-april-1-to-10\/\",\"name\":\"Applications for Azorean Diaspora Adviser run from April 1 to 10 - Portal da A\\u00e7orianidade - plataforma com os sites geridos pela Vice Presid\\u00eancia do Governo\",\"isPartOf\":{\"@id\":\"https:\/\/portaldaacorianidade.azores.gov.pt\/#website\"},\"primaryImageOfPage\":{\"@id\":\"https:\/\/portaldaacorianidade.azores.gov.pt\/en\/applications-for-azorean-diaspora-adviser-run-from-april-1-to-10\/#primaryimage\"},\"datePublished\":\"2025-04-01T14:42:22+00:00\",\"dateModified\":\"2025-04-01T14:42:22+00:00\",\"author\":{\"@id\":\"https:\/\/portaldaacorianidade.azores.gov.pt\/#\/schema\/person\/30f08a4a879b417fb08758cfe32fa2b7\"},\"breadcrumb\":{\"@id\":\"https:\/\/portaldaacorianidade.azores.gov.pt\/en\/applications-for-azorean-diaspora-adviser-run-from-april-1-to-10\/#breadcrumb\"},\"inLanguage\":\"en-US\",\"potentialAction\":[{\"@type\":\"ReadAction\",\"target\":[\"https:\/\/portaldaacorianidade.azores.gov.pt\/en\/applications-for-azorean-diaspora-adviser-run-from-april-1-to-10\/\"]}]},{\"@type\":\"BreadcrumbList\",\"@id\":\"https:\/\/portaldaacorianidade.azores.gov.pt\/en\/applications-for-azorean-diaspora-adviser-run-from-april-1-to-10\/#breadcrumb\",\"itemListElement\":[{\"@type\":\"ListItem\",\"position\":1,\"name\":\"Applications for Azorean Diaspora Adviser run from April 1 to 10\"}]},{\"@type\":\"Person\",\"@id\":\"https:\/\/portaldaacorianidade.azores.gov.pt\/#\/schema\/person\/30f08a4a879b417fb08758cfe32fa2b7\",\"name\":\"drc\",\"image\":{\"@type\":\"ImageObject\",\"@id\":\"https:\/\/portaldaacorianidade.azores.gov.pt\/#personlogo\",\"inLanguage\":\"en-US\",\"url\":\"https:\/\/secure.gravatar.com\/avatar\/228c5f796e635a16246d2001595092bb?s=96&d=mm&r=g\",\"contentUrl\":\"https:\/\/secure.gravatar.com\/avatar\/228c5f796e635a16246d2001595092bb?s=96&d=mm&r=g\",\"caption\":\"drc\"},\"url\":\"https:\/\/portaldaacorianidade.azores.gov.pt\/en\/author\/drc\/\"}]}<\/script>\n<!-- \/ Yoast SEO plugin. -->","yoast_head_json":{"title":"Applications for Azorean Diaspora Adviser run from April 1 to 10 - Portal da A\u00e7orianidade - plataforma com os sites geridos pela Vice Presid\u00eancia do Governo","robots":{"index":"index","follow":"follow","max-snippet":"max-snippet:-1","max-image-preview":"max-image-preview:large","max-video-preview":"max-video-preview:-1"},"canonical":"https:\/\/portaldaacorianidade.azores.gov.pt\/en\/applications-for-azorean-diaspora-adviser-run-from-april-1-to-10\/","og_locale":"en_US","og_type":"article","og_title":"Applications for Azorean Diaspora Adviser run from April 1 to 10 - Portal da A\u00e7orianidade - plataforma com os sites geridos pela Vice Presid\u00eancia do Governo","og_description":"The Regional Secretariat for Parliamentary Affairs and Communities informs that the submission period for applications for Azorean Diaspora Adviser runs from April 1 to 10. This process, which will culminate in the election of the 19 advisers who will make up the Azorean Diaspora Council (CDA) for the 2025-2029 term, is carried out through the [&hellip;]","og_url":"https:\/\/portaldaacorianidade.azores.gov.pt\/en\/applications-for-azorean-diaspora-adviser-run-from-april-1-to-10\/","og_site_name":"Portal da A\u00e7orianidade - plataforma com os sites geridos pela Vice Presid\u00eancia do Governo","article_published_time":"2025-04-01T14:42:22+00:00","og_image":[{"width":2553,"height":945,"url":"https:\/\/portaldaacorianidade.azores.gov.pt\/wp-content\/uploads\/2025\/04\/CDA-25.jpg","type":"image\/jpeg"}],"twitter_card":"summary_large_image","twitter_misc":{"Written by":"drc","Est. reading time":"3 minutes"},"schema":{"@context":"https:\/\/schema.org","@graph":[{"@type":"WebSite","@id":"https:\/\/portaldaacorianidade.azores.gov.pt\/#website","url":"https:\/\/portaldaacorianidade.azores.gov.pt\/","name":"Portal da A\u00e7orianidade - plataforma com os sites geridos pela Vice Presid\u00eancia do Governo","description":" Plataforma os v\u00e1rios sites geridos pela Vice-Presid\u00eancia do Governo dos A\u00e7ores, atrav\u00e9s da Dire\u00e7\u00e3o Regional das Comunidades","potentialAction":[{"@type":"SearchAction","target":{"@type":"EntryPoint","urlTemplate":"https:\/\/portaldaacorianidade.azores.gov.pt\/?s={search_term_string}"},"query-input":"required name=search_term_string"}],"inLanguage":"en-US"},{"@type":"ImageObject","@id":"https:\/\/portaldaacorianidade.azores.gov.pt\/en\/applications-for-azorean-diaspora-adviser-run-from-april-1-to-10\/#primaryimage","inLanguage":"en-US","url":"https:\/\/portaldaacorianidade.azores.gov.pt\/wp-content\/uploads\/2025\/04\/CDA-25.jpg","contentUrl":"https:\/\/portaldaacorianidade.azores.gov.pt\/wp-content\/uploads\/2025\/04\/CDA-25.jpg","width":2553,"height":945},{"@type":"WebPage","@id":"https:\/\/portaldaacorianidade.azores.gov.pt\/en\/applications-for-azorean-diaspora-adviser-run-from-april-1-to-10\/#webpage","url":"https:\/\/portaldaacorianidade.azores.gov.pt\/en\/applications-for-azorean-diaspora-adviser-run-from-april-1-to-10\/","name":"Applications for Azorean Diaspora Adviser run from April 1 to 10 - Portal da A\u00e7orianidade - plataforma com os sites geridos pela Vice Presid\u00eancia do Governo","isPartOf":{"@id":"https:\/\/portaldaacorianidade.azores.gov.pt\/#website"},"primaryImageOfPage":{"@id":"https:\/\/portaldaacorianidade.azores.gov.pt\/en\/applications-for-azorean-diaspora-adviser-run-from-april-1-to-10\/#primaryimage"},"datePublished":"2025-04-01T14:42:22+00:00","dateModified":"2025-04-01T14:42:22+00:00","author":{"@id":"https:\/\/portaldaacorianidade.azores.gov.pt\/#\/schema\/person\/30f08a4a879b417fb08758cfe32fa2b7"},"breadcrumb":{"@id":"https:\/\/portaldaacorianidade.azores.gov.pt\/en\/applications-for-azorean-diaspora-adviser-run-from-april-1-to-10\/#breadcrumb"},"inLanguage":"en-US","potentialAction":[{"@type":"ReadAction","target":["https:\/\/portaldaacorianidade.azores.gov.pt\/en\/applications-for-azorean-diaspora-adviser-run-from-april-1-to-10\/"]}]},{"@type":"BreadcrumbList","@id":"https:\/\/portaldaacorianidade.azores.gov.pt\/en\/applications-for-azorean-diaspora-adviser-run-from-april-1-to-10\/#breadcrumb","itemListElement":[{"@type":"ListItem","position":1,"name":"Applications for Azorean Diaspora Adviser run from April 1 to 10"}]},{"@type":"Person","@id":"https:\/\/portaldaacorianidade.azores.gov.pt\/#\/schema\/person\/30f08a4a879b417fb08758cfe32fa2b7","name":"drc","image":{"@type":"ImageObject","@id":"https:\/\/portaldaacorianidade.azores.gov.pt\/#personlogo","inLanguage":"en-US","url":"https:\/\/secure.gravatar.com\/avatar\/228c5f796e635a16246d2001595092bb?s=96&d=mm&r=g","contentUrl":"https:\/\/secure.gravatar.com\/avatar\/228c5f796e635a16246d2001595092bb?s=96&d=mm&r=g","caption":"drc"},"url":"https:\/\/portaldaacorianidade.azores.gov.pt\/en\/author\/drc\/"}]}},"_links":{"self":[{"href":"https:\/\/portaldaacorianidade.azores.gov.pt\/en\/wp-json\/wp\/v2\/posts\/5008"}],"collection":[{"href":"https:\/\/portaldaacorianidade.azores.gov.pt\/en\/wp-json\/wp\/v2\/posts"}],"about":[{"href":"https:\/\/portaldaacorianidade.azores.gov.pt\/en\/wp-json\/wp\/v2\/types\/post"}],"author":[{"embeddable":true,"href":"https:\/\/portaldaacorianidade.azores.gov.pt\/en\/wp-json\/wp\/v2\/users\/3"}],"replies":[{"embeddable":true,"href":"https:\/\/portaldaacorianidade.azores.gov.pt\/en\/wp-json\/wp\/v2\/comments?post=5008"}],"version-history":[{"count":1,"href":"https:\/\/portaldaacorianidade.azores.gov.pt\/en\/wp-json\/wp\/v2\/posts\/5008\/revisions"}],"predecessor-version":[{"id":5009,"href":"https:\/\/portaldaacorianidade.azores.gov.pt\/en\/wp-json\/wp\/v2\/posts\/5008\/revisions\/5009"}],"wp:featuredmedia":[{"embeddable":true,"href":"https:\/\/portaldaacorianidade.azores.gov.pt\/en\/wp-json\/wp\/v2\/media\/5006"}],"wp:attachment":[{"href":"https:\/\/portaldaacorianidade.azores.gov.pt\/en\/wp-json\/wp\/v2\/media?parent=5008"}],"wp:term":[{"taxonomy":"category","embeddable":true,"href":"https:\/\/portaldaacorianidade.azores.gov.pt\/en\/wp-json\/wp\/v2\/categories?post=5008"},{"taxonomy":"post_tag","embeddable":true,"href":"https:\/\/portaldaacorianidade.azores.gov.pt\/en\/wp-json\/wp\/v2\/tags?post=5008"}],"curies":[{"name":"wp","href":"https:\/\/api.w.org\/{rel}","templated":true}]}}