{"id":4905,"date":"2024-12-10T13:13:48","date_gmt":"2024-12-10T13:13:48","guid":{"rendered":"https:\/\/portaldaacorianidade.azores.gov.pt\/?p=4905"},"modified":"2025-01-14T15:40:57","modified_gmt":"2025-01-14T15:40:57","slug":"regional-advisory-council-for-immigration-affairs-meets-in-faial","status":"publish","type":"post","link":"https:\/\/portaldaacorianidade.azores.gov.pt\/en\/regional-advisory-council-for-immigration-affairs-meets-in-faial\/","title":{"rendered":"Regional Advisory Council for Immigration Affairs meets in Faial"},"content":{"rendered":"<p>The Regional Secretariat for Parliamentary Affairs and Communities, through the Regional Directorate for the Communities, is holding this year&#8217;s second ordinary meeting of the Regional Advisory Council for Immigration Affairs (CCRAI) on December 9 at 10 a.m. at the Edif\u00edcio do Rel\u00f3gio, German Colony, in the city of Horta.<\/p>\n<p>This advisory body of the Regional Government is chaired by the Regional Secretary for Parliamentary Affairs and Communities, Paulo Est\u00eav\u00e3o. It aims to ensure the participation and collaboration of associations representing immigrants, social partners, social solidarity institutions, and other organisations that provide social and cultural support to immigrants in defining and coordinating policies for social integration and combating exclusion.<\/p>\n<p>The agenda for this second biannual 2024 meeting includes the presentation of the latest statistics on foreign citizens living in the Azores, and the main activities carried out in 2024 and to be carried out in 2025 to promote interculturality in the Azores by AIPA &#8211; Association of Immigrants in the Azores, chaired by Leoter Viegas, CRESA\u00c7OR&#8217;s Migrant Support Office, coordinated by Ana Silva, and the Regional Directorate for the Communities, headed by Jos\u00e9 Andrade.<\/p>\n<p>The CCRAI comprises the regional directors for the Communities, Education and Educational Administration, Social Solidarity, Employment and Vocational Training, Health and the Promotion of Equality and Social Inclusion. It also includes representatives of the Chamber of Commerce and Industry of the Azores, AIPA &#8211; Association of Immigrants in the Azores, CRESA\u00c7OR &#8211; \u00a0 Regional Cooperative of Solidarity Economy\/Migrant Support Office, ASIBA-Association of Brazilian Immigrants in the Azores, the Regional Union of Private Social Solidarity Institutions of the Azores, the Association of Municipalities of the Autonomous Region of the Azores, the National Republican Guard, the Public Security Police, the Criminal Investigation Police and the Agency for Integration, Migration and Asylum, I.P.<\/p>\n<p>Established in 2002, the CCRAI has as its main mission to collaborate in developing social integration policies for immigrants aimed at eliminating discrimination and promoting equal opportunities and participate in the definition of measures and actions contributing to the improvement of immigrants&#8217; living conditions and the defence of their rights.<\/p>\n<p>As such, the Azorean Government has implemented a policy aimed at developing initiatives and strategies to promote the full integration of immigrant citizens, acknowledging their active contribution to the enrichment of Azorean society in various areas.<\/p>\n","protected":false},"excerpt":{"rendered":"<p>The Regional Secretariat for Parliamentary Affairs and Communities, through the Regional Directorate for the Communities, is holding this year&#8217;s second ordinary meeting of the Regional Advisory Council for Immigration Affairs (CCRAI) on December 9 at 10 a.m. at the Edif\u00edcio do Rel\u00f3gio, German Colony, in the city of Horta. This advisory body of the Regional [&hellip;]<\/p>\n","protected":false},"author":3,"featured_media":4902,"comment_status":"closed","ping_status":"closed","sticky":false,"template":"","format":"standard","meta":[],"categories":[32],"tags":[],"yoast_head":"<!-- This site is optimized with the Yoast SEO plugin v17.3 - https:\/\/yoast.com\/wordpress\/plugins\/seo\/ -->\n<title>Regional Advisory Council for Immigration Affairs meets in Faial - Portal da A\u00e7orianidade - plataforma com os sites geridos pela Vice Presid\u00eancia do Governo<\/title>\n<meta name=\"robots\" content=\"index, follow, max-snippet:-1, max-image-preview:large, max-video-preview:-1\" \/>\n<link rel=\"canonical\" href=\"https:\/\/portaldaacorianidade.azores.gov.pt\/en\/regional-advisory-council-for-immigration-affairs-meets-in-faial\/\" \/>\n<meta property=\"og:locale\" content=\"en_US\" \/>\n<meta property=\"og:type\" content=\"article\" \/>\n<meta property=\"og:title\" content=\"Regional Advisory Council for Immigration Affairs meets in Faial - Portal da A\u00e7orianidade - plataforma com os sites geridos pela Vice Presid\u00eancia do Governo\" \/>\n<meta property=\"og:description\" content=\"The Regional Secretariat for Parliamentary Affairs and Communities, through the Regional Directorate for the Communities, is holding this year&#8217;s second ordinary meeting of the Regional Advisory Council for Immigration Affairs (CCRAI) on December 9 at 10 a.m. at the Edif\u00edcio do Rel\u00f3gio, German Colony, in the city of Horta. This advisory body of the Regional [&hellip;]\" \/>\n<meta property=\"og:url\" content=\"https:\/\/portaldaacorianidade.azores.gov.pt\/en\/regional-advisory-council-for-immigration-affairs-meets-in-faial\/\" \/>\n<meta property=\"og:site_name\" content=\"Portal da A\u00e7orianidade - plataforma com os sites geridos pela Vice Presid\u00eancia do Governo\" \/>\n<meta property=\"article:published_time\" content=\"2024-12-10T13:13:48+00:00\" \/>\n<meta property=\"article:modified_time\" content=\"2025-01-14T15:40:57+00:00\" \/>\n<meta property=\"og:image\" content=\"https:\/\/portaldaacorianidade.azores.gov.pt\/wp-content\/uploads\/2024\/12\/CCRAI.jpg\" \/>\n\t<meta property=\"og:image:width\" content=\"2021\" \/>\n\t<meta property=\"og:image:height\" content=\"748\" \/>\n<meta name=\"twitter:card\" content=\"summary_large_image\" \/>\n<meta name=\"twitter:label1\" content=\"Written by\" \/>\n\t<meta name=\"twitter:data1\" content=\"drc\" \/>\n\t<meta name=\"twitter:label2\" content=\"Est. reading time\" \/>\n\t<meta name=\"twitter:data2\" content=\"2 minutes\" \/>\n<script type=\"application\/ld+json\" class=\"yoast-schema-graph\">{\"@context\":\"https:\/\/schema.org\",\"@graph\":[{\"@type\":\"WebSite\",\"@id\":\"https:\/\/portaldaacorianidade.azores.gov.pt\/#website\",\"url\":\"https:\/\/portaldaacorianidade.azores.gov.pt\/\",\"name\":\"Portal da A\\u00e7orianidade - plataforma com os sites geridos pela Vice Presid\\u00eancia do Governo\",\"description\":\" Plataforma os v\\u00e1rios sites geridos pela Vice-Presid\\u00eancia do Governo dos A\\u00e7ores, atrav\\u00e9s da Dire\\u00e7\\u00e3o Regional das Comunidades\",\"potentialAction\":[{\"@type\":\"SearchAction\",\"target\":{\"@type\":\"EntryPoint\",\"urlTemplate\":\"https:\/\/portaldaacorianidade.azores.gov.pt\/?s={search_term_string}\"},\"query-input\":\"required name=search_term_string\"}],\"inLanguage\":\"en-US\"},{\"@type\":\"ImageObject\",\"@id\":\"https:\/\/portaldaacorianidade.azores.gov.pt\/en\/regional-advisory-council-for-immigration-affairs-meets-in-faial\/#primaryimage\",\"inLanguage\":\"en-US\",\"url\":\"https:\/\/portaldaacorianidade.azores.gov.pt\/wp-content\/uploads\/2024\/12\/CCRAI.jpg\",\"contentUrl\":\"https:\/\/portaldaacorianidade.azores.gov.pt\/wp-content\/uploads\/2024\/12\/CCRAI.jpg\",\"width\":2021,\"height\":748},{\"@type\":\"WebPage\",\"@id\":\"https:\/\/portaldaacorianidade.azores.gov.pt\/en\/regional-advisory-council-for-immigration-affairs-meets-in-faial\/#webpage\",\"url\":\"https:\/\/portaldaacorianidade.azores.gov.pt\/en\/regional-advisory-council-for-immigration-affairs-meets-in-faial\/\",\"name\":\"Regional Advisory Council for Immigration Affairs meets in Faial - Portal da A\\u00e7orianidade - plataforma com os sites geridos pela Vice Presid\\u00eancia do Governo\",\"isPartOf\":{\"@id\":\"https:\/\/portaldaacorianidade.azores.gov.pt\/#website\"},\"primaryImageOfPage\":{\"@id\":\"https:\/\/portaldaacorianidade.azores.gov.pt\/en\/regional-advisory-council-for-immigration-affairs-meets-in-faial\/#primaryimage\"},\"datePublished\":\"2024-12-10T13:13:48+00:00\",\"dateModified\":\"2025-01-14T15:40:57+00:00\",\"author\":{\"@id\":\"https:\/\/portaldaacorianidade.azores.gov.pt\/#\/schema\/person\/30f08a4a879b417fb08758cfe32fa2b7\"},\"breadcrumb\":{\"@id\":\"https:\/\/portaldaacorianidade.azores.gov.pt\/en\/regional-advisory-council-for-immigration-affairs-meets-in-faial\/#breadcrumb\"},\"inLanguage\":\"en-US\",\"potentialAction\":[{\"@type\":\"ReadAction\",\"target\":[\"https:\/\/portaldaacorianidade.azores.gov.pt\/en\/regional-advisory-council-for-immigration-affairs-meets-in-faial\/\"]}]},{\"@type\":\"BreadcrumbList\",\"@id\":\"https:\/\/portaldaacorianidade.azores.gov.pt\/en\/regional-advisory-council-for-immigration-affairs-meets-in-faial\/#breadcrumb\",\"itemListElement\":[{\"@type\":\"ListItem\",\"position\":1,\"name\":\"Regional Advisory Council for Immigration Affairs meets in Faial\"}]},{\"@type\":\"Person\",\"@id\":\"https:\/\/portaldaacorianidade.azores.gov.pt\/#\/schema\/person\/30f08a4a879b417fb08758cfe32fa2b7\",\"name\":\"drc\",\"image\":{\"@type\":\"ImageObject\",\"@id\":\"https:\/\/portaldaacorianidade.azores.gov.pt\/#personlogo\",\"inLanguage\":\"en-US\",\"url\":\"https:\/\/secure.gravatar.com\/avatar\/228c5f796e635a16246d2001595092bb?s=96&d=mm&r=g\",\"contentUrl\":\"https:\/\/secure.gravatar.com\/avatar\/228c5f796e635a16246d2001595092bb?s=96&d=mm&r=g\",\"caption\":\"drc\"},\"url\":\"https:\/\/portaldaacorianidade.azores.gov.pt\/en\/author\/drc\/\"}]}<\/script>\n<!-- \/ Yoast SEO plugin. -->","yoast_head_json":{"title":"Regional Advisory Council for Immigration Affairs meets in Faial - Portal da A\u00e7orianidade - plataforma com os sites geridos pela Vice Presid\u00eancia do Governo","robots":{"index":"index","follow":"follow","max-snippet":"max-snippet:-1","max-image-preview":"max-image-preview:large","max-video-preview":"max-video-preview:-1"},"canonical":"https:\/\/portaldaacorianidade.azores.gov.pt\/en\/regional-advisory-council-for-immigration-affairs-meets-in-faial\/","og_locale":"en_US","og_type":"article","og_title":"Regional Advisory Council for Immigration Affairs meets in Faial - Portal da A\u00e7orianidade - plataforma com os sites geridos pela Vice Presid\u00eancia do Governo","og_description":"The Regional Secretariat for Parliamentary Affairs and Communities, through the Regional Directorate for the Communities, is holding this year&#8217;s second ordinary meeting of the Regional Advisory Council for Immigration Affairs (CCRAI) on December 9 at 10 a.m. at the Edif\u00edcio do Rel\u00f3gio, German Colony, in the city of Horta. This advisory body of the Regional [&hellip;]","og_url":"https:\/\/portaldaacorianidade.azores.gov.pt\/en\/regional-advisory-council-for-immigration-affairs-meets-in-faial\/","og_site_name":"Portal da A\u00e7orianidade - plataforma com os sites geridos pela Vice Presid\u00eancia do Governo","article_published_time":"2024-12-10T13:13:48+00:00","article_modified_time":"2025-01-14T15:40:57+00:00","og_image":[{"width":2021,"height":748,"url":"https:\/\/portaldaacorianidade.azores.gov.pt\/wp-content\/uploads\/2024\/12\/CCRAI.jpg","type":"image\/jpeg"}],"twitter_card":"summary_large_image","twitter_misc":{"Written by":"drc","Est. reading time":"2 minutes"},"schema":{"@context":"https:\/\/schema.org","@graph":[{"@type":"WebSite","@id":"https:\/\/portaldaacorianidade.azores.gov.pt\/#website","url":"https:\/\/portaldaacorianidade.azores.gov.pt\/","name":"Portal da A\u00e7orianidade - plataforma com os sites geridos pela Vice Presid\u00eancia do Governo","description":" Plataforma os v\u00e1rios sites geridos pela Vice-Presid\u00eancia do Governo dos A\u00e7ores, atrav\u00e9s da Dire\u00e7\u00e3o Regional das Comunidades","potentialAction":[{"@type":"SearchAction","target":{"@type":"EntryPoint","urlTemplate":"https:\/\/portaldaacorianidade.azores.gov.pt\/?s={search_term_string}"},"query-input":"required name=search_term_string"}],"inLanguage":"en-US"},{"@type":"ImageObject","@id":"https:\/\/portaldaacorianidade.azores.gov.pt\/en\/regional-advisory-council-for-immigration-affairs-meets-in-faial\/#primaryimage","inLanguage":"en-US","url":"https:\/\/portaldaacorianidade.azores.gov.pt\/wp-content\/uploads\/2024\/12\/CCRAI.jpg","contentUrl":"https:\/\/portaldaacorianidade.azores.gov.pt\/wp-content\/uploads\/2024\/12\/CCRAI.jpg","width":2021,"height":748},{"@type":"WebPage","@id":"https:\/\/portaldaacorianidade.azores.gov.pt\/en\/regional-advisory-council-for-immigration-affairs-meets-in-faial\/#webpage","url":"https:\/\/portaldaacorianidade.azores.gov.pt\/en\/regional-advisory-council-for-immigration-affairs-meets-in-faial\/","name":"Regional Advisory Council for Immigration Affairs meets in Faial - Portal da A\u00e7orianidade - plataforma com os sites geridos pela Vice Presid\u00eancia do Governo","isPartOf":{"@id":"https:\/\/portaldaacorianidade.azores.gov.pt\/#website"},"primaryImageOfPage":{"@id":"https:\/\/portaldaacorianidade.azores.gov.pt\/en\/regional-advisory-council-for-immigration-affairs-meets-in-faial\/#primaryimage"},"datePublished":"2024-12-10T13:13:48+00:00","dateModified":"2025-01-14T15:40:57+00:00","author":{"@id":"https:\/\/portaldaacorianidade.azores.gov.pt\/#\/schema\/person\/30f08a4a879b417fb08758cfe32fa2b7"},"breadcrumb":{"@id":"https:\/\/portaldaacorianidade.azores.gov.pt\/en\/regional-advisory-council-for-immigration-affairs-meets-in-faial\/#breadcrumb"},"inLanguage":"en-US","potentialAction":[{"@type":"ReadAction","target":["https:\/\/portaldaacorianidade.azores.gov.pt\/en\/regional-advisory-council-for-immigration-affairs-meets-in-faial\/"]}]},{"@type":"BreadcrumbList","@id":"https:\/\/portaldaacorianidade.azores.gov.pt\/en\/regional-advisory-council-for-immigration-affairs-meets-in-faial\/#breadcrumb","itemListElement":[{"@type":"ListItem","position":1,"name":"Regional Advisory Council for Immigration Affairs meets in Faial"}]},{"@type":"Person","@id":"https:\/\/portaldaacorianidade.azores.gov.pt\/#\/schema\/person\/30f08a4a879b417fb08758cfe32fa2b7","name":"drc","image":{"@type":"ImageObject","@id":"https:\/\/portaldaacorianidade.azores.gov.pt\/#personlogo","inLanguage":"en-US","url":"https:\/\/secure.gravatar.com\/avatar\/228c5f796e635a16246d2001595092bb?s=96&d=mm&r=g","contentUrl":"https:\/\/secure.gravatar.com\/avatar\/228c5f796e635a16246d2001595092bb?s=96&d=mm&r=g","caption":"drc"},"url":"https:\/\/portaldaacorianidade.azores.gov.pt\/en\/author\/drc\/"}]}},"_links":{"self":[{"href":"https:\/\/portaldaacorianidade.azores.gov.pt\/en\/wp-json\/wp\/v2\/posts\/4905"}],"collection":[{"href":"https:\/\/portaldaacorianidade.azores.gov.pt\/en\/wp-json\/wp\/v2\/posts"}],"about":[{"href":"https:\/\/portaldaacorianidade.azores.gov.pt\/en\/wp-json\/wp\/v2\/types\/post"}],"author":[{"embeddable":true,"href":"https:\/\/portaldaacorianidade.azores.gov.pt\/en\/wp-json\/wp\/v2\/users\/3"}],"replies":[{"embeddable":true,"href":"https:\/\/portaldaacorianidade.azores.gov.pt\/en\/wp-json\/wp\/v2\/comments?post=4905"}],"version-history":[{"count":1,"href":"https:\/\/portaldaacorianidade.azores.gov.pt\/en\/wp-json\/wp\/v2\/posts\/4905\/revisions"}],"predecessor-version":[{"id":4906,"href":"https:\/\/portaldaacorianidade.azores.gov.pt\/en\/wp-json\/wp\/v2\/posts\/4905\/revisions\/4906"}],"wp:featuredmedia":[{"embeddable":true,"href":"https:\/\/portaldaacorianidade.azores.gov.pt\/en\/wp-json\/wp\/v2\/media\/4902"}],"wp:attachment":[{"href":"https:\/\/portaldaacorianidade.azores.gov.pt\/en\/wp-json\/wp\/v2\/media?parent=4905"}],"wp:term":[{"taxonomy":"category","embeddable":true,"href":"https:\/\/portaldaacorianidade.azores.gov.pt\/en\/wp-json\/wp\/v2\/categories?post=4905"},{"taxonomy":"post_tag","embeddable":true,"href":"https:\/\/portaldaacorianidade.azores.gov.pt\/en\/wp-json\/wp\/v2\/tags?post=4905"}],"curies":[{"name":"wp","href":"https:\/\/api.w.org\/{rel}","templated":true}]}}