{"id":4896,"date":"2024-12-02T14:52:28","date_gmt":"2024-12-02T14:52:28","guid":{"rendered":"https:\/\/portaldaacorianidade.azores.gov.pt\/?p=4896"},"modified":"2025-01-09T15:16:50","modified_gmt":"2025-01-09T15:16:50","slug":"regional-government-promotes-second-edition-of-migration-forum","status":"publish","type":"post","link":"https:\/\/portaldaacorianidade.azores.gov.pt\/en\/regional-government-promotes-second-edition-of-migration-forum\/","title":{"rendered":"Regional Government promotes second edition of Migration Forum"},"content":{"rendered":"<p>The Regional Secretariat for Parliamentary Affairs and Communities, through the Regional Directorate for the Communities, is promoting the second edition of the Migration Forum on December 5 and 6 at the Auditorium VIII on the Ponta Delgada Campus of the University of the Azores, S\u00e3o Miguel Island.<\/p>\n<p>This initiative, open to the general public, aims to create a space for reflection and debate on migration in the Autonomous Region of the Azores.<\/p>\n<p>The Forum brings together academics and migration specialists as well as representatives of regional associations working on the integration of migrants in the Region.<\/p>\n<p>The programme also includes the sharing of testimonials. It will present the perspectives of immigrants, returned emigrants and immigrants of Azorean descent integrated on all islands of the Azores.<\/p>\n<p>The 2nd Migration Forum begins Thursday, December 5, at 10 a.m. with an opening session featuring speeches by the Vice-Rector of the University of the Azores, Artur Gil, and the Regional Director for the Communities, Jos\u00e9 Andrade.<\/p>\n<p>This will be followed by the inaugural conference by Pedro Gois, Scientific Director of the Observatory for Migration, Associate Professor with Aggregation at the Faculty of Economics of the University of Coimbra and Researcher at the Centre for Social Studies.<\/p>\n<p>The plenary sessions begin with a first panel entitled &#8220;Policies to promote the integration of migrants in the Azores.&#8221; This panel will include Lu\u00eds Goes Pinheiro, general coordinator of the Mission Structure for the Recovery of Pending Cases of AIMA &#8211; Agency for Migration Integration and Asylum, Jos\u00e9 Andrade, Regional Director for the Communities, Leoter Viegas, president of AIPA &#8211; Association of Immigrants in the Azores, Ana Silva, director of CRESA\u00c7OR&#8217;s Migrant Support Office, and N\u00e9lia Silva, vice-president of the Association of Azorean Emigrants. It will be moderated by Telma Silva, a member of the Regional Directorate for Communities.<\/p>\n<p>In the first afternoon session, at 2:30 p.m., the second panel will take place under the theme &#8220;Immigrants in the Azores.&#8221; It will feature testimonials from immigrants such as Camille Farge (physiotherapist, from France to Flores); Claudine Louren\u00e7o (journalist, from Brazil to Terceira); Diego Stone (athlete, from Brazil to Corvo); Paulo Mendes (entrepreneur, from Cape Verde to S\u00e3o Miguel); Valente Cuambe (astrophysicist, from Mozambique to Santa Maria) and Viviane Carrico (trainer, from Brazil to Faial). The event will be moderated by Leoter Viegas, president of AIPA &#8211; Association of Immigrants in the Azores.<\/p>\n<p>The work continues with the third panel entitled &#8220;Emigrants returning to the Azores.&#8221; It will feature Jo\u00e3o da Silva (entrepreneur, from Canada to S\u00e3o Miguel); Lu\u00eds Silva (association leader, from Canada to S\u00e3o Miguel); N\u00e9lia Alves-Guimar\u00e3es (manager, from the USA to S\u00e3o Miguel); Pedro Pimentel (entrepreneur, from Angola to S\u00e3o Miguel); Roberto Lino (entrepreneur, from the USA to Pico) and Rosa Simas (teacher, from the USA to S\u00e3o Miguel). The panel will be moderated by Rui Faria, director of the Azorean Emigration Museum.<\/p>\n<p>The first day of work culminates in a cultural event, with a screening of the monologue &#8220;Vidas: Entre o Verde e a Saudade&#8221; by Brazilian actress \u00c2ngela Fernandes, who has immigrated to S\u00e3o Miguel.<\/p>\n<p>On the second day of the Migration Forum, December 6, the programme starts at 10 a.m. with the last panel on &#8220;Immigrants of Azorean descent in the Azores, featuring the participation of Daniel Gon\u00e7alves (teacher, from Brazil to Terceira); David Mendon\u00e7a (teacher, from the USA to S\u00e3o Jorge); Jason Gouveia (priest, from Canada to S\u00e3o Miguel); M\u00e1rio Silva (mayor, from Canada to Pico); Ricky Joe Batista (mayor, from Canada to Terceira); and a representative from the island of Graciosa to be appointed. The event will be moderated by Ana Silva, a member of CRESA\u00c7OR association.<\/p>\n<p>At 11:30 a.m., the final conference will be delivered by Catarina Reis Oliveira, Assistant Professor at the Institute of Social and Political Sciences of the University of Lisbon and former Director of the Observatory for Migration (2005-2024).<\/p>\n<p>The Regional Secretary for Parliamentary Affairs and Communities, Paulo Est\u00eav\u00e3o, will chair the Forum&#8217;s closing session at 12:15 p.m.<\/p>\n<p>The first Migration Forum was held on October 26 and 27, 2023, on the islands of Faial and Pico.<\/p>\n","protected":false},"excerpt":{"rendered":"<p>The Regional Secretariat for Parliamentary Affairs and Communities, through the Regional Directorate for the Communities, is promoting the second edition of the Migration Forum on December 5 and 6 at the Auditorium VIII on the Ponta Delgada Campus of the University of the Azores, S\u00e3o Miguel Island. This initiative, open to the general public, aims [&hellip;]<\/p>\n","protected":false},"author":3,"featured_media":4892,"comment_status":"closed","ping_status":"closed","sticky":false,"template":"","format":"standard","meta":[],"categories":[32],"tags":[],"yoast_head":"<!-- This site is optimized with the Yoast SEO plugin v17.3 - https:\/\/yoast.com\/wordpress\/plugins\/seo\/ -->\n<title>Regional Government promotes second edition of Migration Forum - Portal da A\u00e7orianidade - plataforma com os sites geridos pela Vice Presid\u00eancia do Governo<\/title>\n<meta name=\"robots\" content=\"index, follow, max-snippet:-1, max-image-preview:large, max-video-preview:-1\" \/>\n<link rel=\"canonical\" href=\"https:\/\/portaldaacorianidade.azores.gov.pt\/en\/regional-government-promotes-second-edition-of-migration-forum\/\" \/>\n<meta property=\"og:locale\" content=\"en_US\" \/>\n<meta property=\"og:type\" content=\"article\" \/>\n<meta property=\"og:title\" content=\"Regional Government promotes second edition of Migration Forum - Portal da A\u00e7orianidade - plataforma com os sites geridos pela Vice Presid\u00eancia do Governo\" \/>\n<meta property=\"og:description\" content=\"The Regional Secretariat for Parliamentary Affairs and Communities, through the Regional Directorate for the Communities, is promoting the second edition of the Migration Forum on December 5 and 6 at the Auditorium VIII on the Ponta Delgada Campus of the University of the Azores, S\u00e3o Miguel Island. This initiative, open to the general public, aims [&hellip;]\" \/>\n<meta property=\"og:url\" content=\"https:\/\/portaldaacorianidade.azores.gov.pt\/en\/regional-government-promotes-second-edition-of-migration-forum\/\" \/>\n<meta property=\"og:site_name\" content=\"Portal da A\u00e7orianidade - plataforma com os sites geridos pela Vice Presid\u00eancia do Governo\" \/>\n<meta property=\"article:published_time\" content=\"2024-12-02T14:52:28+00:00\" \/>\n<meta property=\"article:modified_time\" content=\"2025-01-09T15:16:50+00:00\" \/>\n<meta property=\"og:image\" content=\"https:\/\/portaldaacorianidade.azores.gov.pt\/wp-content\/uploads\/2024\/12\/II-Forum-das-Migracoes-foto.png\" \/>\n\t<meta property=\"og:image:width\" content=\"2255\" \/>\n\t<meta property=\"og:image:height\" content=\"858\" \/>\n<meta name=\"twitter:card\" content=\"summary_large_image\" \/>\n<meta name=\"twitter:label1\" content=\"Written by\" \/>\n\t<meta name=\"twitter:data1\" content=\"drc\" \/>\n\t<meta name=\"twitter:label2\" content=\"Est. reading time\" \/>\n\t<meta name=\"twitter:data2\" content=\"3 minutes\" \/>\n<script type=\"application\/ld+json\" class=\"yoast-schema-graph\">{\"@context\":\"https:\/\/schema.org\",\"@graph\":[{\"@type\":\"WebSite\",\"@id\":\"https:\/\/portaldaacorianidade.azores.gov.pt\/#website\",\"url\":\"https:\/\/portaldaacorianidade.azores.gov.pt\/\",\"name\":\"Portal da A\\u00e7orianidade - plataforma com os sites geridos pela Vice Presid\\u00eancia do Governo\",\"description\":\" Plataforma os v\\u00e1rios sites geridos pela Vice-Presid\\u00eancia do Governo dos A\\u00e7ores, atrav\\u00e9s da Dire\\u00e7\\u00e3o Regional das Comunidades\",\"potentialAction\":[{\"@type\":\"SearchAction\",\"target\":{\"@type\":\"EntryPoint\",\"urlTemplate\":\"https:\/\/portaldaacorianidade.azores.gov.pt\/?s={search_term_string}\"},\"query-input\":\"required name=search_term_string\"}],\"inLanguage\":\"en-US\"},{\"@type\":\"ImageObject\",\"@id\":\"https:\/\/portaldaacorianidade.azores.gov.pt\/en\/regional-government-promotes-second-edition-of-migration-forum\/#primaryimage\",\"inLanguage\":\"en-US\",\"url\":\"https:\/\/portaldaacorianidade.azores.gov.pt\/wp-content\/uploads\/2024\/12\/II-Forum-das-Migracoes-foto.png\",\"contentUrl\":\"https:\/\/portaldaacorianidade.azores.gov.pt\/wp-content\/uploads\/2024\/12\/II-Forum-das-Migracoes-foto.png\",\"width\":2255,\"height\":858},{\"@type\":\"WebPage\",\"@id\":\"https:\/\/portaldaacorianidade.azores.gov.pt\/en\/regional-government-promotes-second-edition-of-migration-forum\/#webpage\",\"url\":\"https:\/\/portaldaacorianidade.azores.gov.pt\/en\/regional-government-promotes-second-edition-of-migration-forum\/\",\"name\":\"Regional Government promotes second edition of Migration Forum - Portal da A\\u00e7orianidade - plataforma com os sites geridos pela Vice Presid\\u00eancia do Governo\",\"isPartOf\":{\"@id\":\"https:\/\/portaldaacorianidade.azores.gov.pt\/#website\"},\"primaryImageOfPage\":{\"@id\":\"https:\/\/portaldaacorianidade.azores.gov.pt\/en\/regional-government-promotes-second-edition-of-migration-forum\/#primaryimage\"},\"datePublished\":\"2024-12-02T14:52:28+00:00\",\"dateModified\":\"2025-01-09T15:16:50+00:00\",\"author\":{\"@id\":\"https:\/\/portaldaacorianidade.azores.gov.pt\/#\/schema\/person\/30f08a4a879b417fb08758cfe32fa2b7\"},\"breadcrumb\":{\"@id\":\"https:\/\/portaldaacorianidade.azores.gov.pt\/en\/regional-government-promotes-second-edition-of-migration-forum\/#breadcrumb\"},\"inLanguage\":\"en-US\",\"potentialAction\":[{\"@type\":\"ReadAction\",\"target\":[\"https:\/\/portaldaacorianidade.azores.gov.pt\/en\/regional-government-promotes-second-edition-of-migration-forum\/\"]}]},{\"@type\":\"BreadcrumbList\",\"@id\":\"https:\/\/portaldaacorianidade.azores.gov.pt\/en\/regional-government-promotes-second-edition-of-migration-forum\/#breadcrumb\",\"itemListElement\":[{\"@type\":\"ListItem\",\"position\":1,\"name\":\"Regional Government promotes second edition of Migration Forum\"}]},{\"@type\":\"Person\",\"@id\":\"https:\/\/portaldaacorianidade.azores.gov.pt\/#\/schema\/person\/30f08a4a879b417fb08758cfe32fa2b7\",\"name\":\"drc\",\"image\":{\"@type\":\"ImageObject\",\"@id\":\"https:\/\/portaldaacorianidade.azores.gov.pt\/#personlogo\",\"inLanguage\":\"en-US\",\"url\":\"https:\/\/secure.gravatar.com\/avatar\/228c5f796e635a16246d2001595092bb?s=96&d=mm&r=g\",\"contentUrl\":\"https:\/\/secure.gravatar.com\/avatar\/228c5f796e635a16246d2001595092bb?s=96&d=mm&r=g\",\"caption\":\"drc\"},\"url\":\"https:\/\/portaldaacorianidade.azores.gov.pt\/en\/author\/drc\/\"}]}<\/script>\n<!-- \/ Yoast SEO plugin. -->","yoast_head_json":{"title":"Regional Government promotes second edition of Migration Forum - Portal da A\u00e7orianidade - plataforma com os sites geridos pela Vice Presid\u00eancia do Governo","robots":{"index":"index","follow":"follow","max-snippet":"max-snippet:-1","max-image-preview":"max-image-preview:large","max-video-preview":"max-video-preview:-1"},"canonical":"https:\/\/portaldaacorianidade.azores.gov.pt\/en\/regional-government-promotes-second-edition-of-migration-forum\/","og_locale":"en_US","og_type":"article","og_title":"Regional Government promotes second edition of Migration Forum - Portal da A\u00e7orianidade - plataforma com os sites geridos pela Vice Presid\u00eancia do Governo","og_description":"The Regional Secretariat for Parliamentary Affairs and Communities, through the Regional Directorate for the Communities, is promoting the second edition of the Migration Forum on December 5 and 6 at the Auditorium VIII on the Ponta Delgada Campus of the University of the Azores, S\u00e3o Miguel Island. This initiative, open to the general public, aims [&hellip;]","og_url":"https:\/\/portaldaacorianidade.azores.gov.pt\/en\/regional-government-promotes-second-edition-of-migration-forum\/","og_site_name":"Portal da A\u00e7orianidade - plataforma com os sites geridos pela Vice Presid\u00eancia do Governo","article_published_time":"2024-12-02T14:52:28+00:00","article_modified_time":"2025-01-09T15:16:50+00:00","og_image":[{"width":2255,"height":858,"url":"https:\/\/portaldaacorianidade.azores.gov.pt\/wp-content\/uploads\/2024\/12\/II-Forum-das-Migracoes-foto.png","type":"image\/png"}],"twitter_card":"summary_large_image","twitter_misc":{"Written by":"drc","Est. reading time":"3 minutes"},"schema":{"@context":"https:\/\/schema.org","@graph":[{"@type":"WebSite","@id":"https:\/\/portaldaacorianidade.azores.gov.pt\/#website","url":"https:\/\/portaldaacorianidade.azores.gov.pt\/","name":"Portal da A\u00e7orianidade - plataforma com os sites geridos pela Vice Presid\u00eancia do Governo","description":" Plataforma os v\u00e1rios sites geridos pela Vice-Presid\u00eancia do Governo dos A\u00e7ores, atrav\u00e9s da Dire\u00e7\u00e3o Regional das Comunidades","potentialAction":[{"@type":"SearchAction","target":{"@type":"EntryPoint","urlTemplate":"https:\/\/portaldaacorianidade.azores.gov.pt\/?s={search_term_string}"},"query-input":"required name=search_term_string"}],"inLanguage":"en-US"},{"@type":"ImageObject","@id":"https:\/\/portaldaacorianidade.azores.gov.pt\/en\/regional-government-promotes-second-edition-of-migration-forum\/#primaryimage","inLanguage":"en-US","url":"https:\/\/portaldaacorianidade.azores.gov.pt\/wp-content\/uploads\/2024\/12\/II-Forum-das-Migracoes-foto.png","contentUrl":"https:\/\/portaldaacorianidade.azores.gov.pt\/wp-content\/uploads\/2024\/12\/II-Forum-das-Migracoes-foto.png","width":2255,"height":858},{"@type":"WebPage","@id":"https:\/\/portaldaacorianidade.azores.gov.pt\/en\/regional-government-promotes-second-edition-of-migration-forum\/#webpage","url":"https:\/\/portaldaacorianidade.azores.gov.pt\/en\/regional-government-promotes-second-edition-of-migration-forum\/","name":"Regional Government promotes second edition of Migration Forum - Portal da A\u00e7orianidade - plataforma com os sites geridos pela Vice Presid\u00eancia do Governo","isPartOf":{"@id":"https:\/\/portaldaacorianidade.azores.gov.pt\/#website"},"primaryImageOfPage":{"@id":"https:\/\/portaldaacorianidade.azores.gov.pt\/en\/regional-government-promotes-second-edition-of-migration-forum\/#primaryimage"},"datePublished":"2024-12-02T14:52:28+00:00","dateModified":"2025-01-09T15:16:50+00:00","author":{"@id":"https:\/\/portaldaacorianidade.azores.gov.pt\/#\/schema\/person\/30f08a4a879b417fb08758cfe32fa2b7"},"breadcrumb":{"@id":"https:\/\/portaldaacorianidade.azores.gov.pt\/en\/regional-government-promotes-second-edition-of-migration-forum\/#breadcrumb"},"inLanguage":"en-US","potentialAction":[{"@type":"ReadAction","target":["https:\/\/portaldaacorianidade.azores.gov.pt\/en\/regional-government-promotes-second-edition-of-migration-forum\/"]}]},{"@type":"BreadcrumbList","@id":"https:\/\/portaldaacorianidade.azores.gov.pt\/en\/regional-government-promotes-second-edition-of-migration-forum\/#breadcrumb","itemListElement":[{"@type":"ListItem","position":1,"name":"Regional Government promotes second edition of Migration Forum"}]},{"@type":"Person","@id":"https:\/\/portaldaacorianidade.azores.gov.pt\/#\/schema\/person\/30f08a4a879b417fb08758cfe32fa2b7","name":"drc","image":{"@type":"ImageObject","@id":"https:\/\/portaldaacorianidade.azores.gov.pt\/#personlogo","inLanguage":"en-US","url":"https:\/\/secure.gravatar.com\/avatar\/228c5f796e635a16246d2001595092bb?s=96&d=mm&r=g","contentUrl":"https:\/\/secure.gravatar.com\/avatar\/228c5f796e635a16246d2001595092bb?s=96&d=mm&r=g","caption":"drc"},"url":"https:\/\/portaldaacorianidade.azores.gov.pt\/en\/author\/drc\/"}]}},"_links":{"self":[{"href":"https:\/\/portaldaacorianidade.azores.gov.pt\/en\/wp-json\/wp\/v2\/posts\/4896"}],"collection":[{"href":"https:\/\/portaldaacorianidade.azores.gov.pt\/en\/wp-json\/wp\/v2\/posts"}],"about":[{"href":"https:\/\/portaldaacorianidade.azores.gov.pt\/en\/wp-json\/wp\/v2\/types\/post"}],"author":[{"embeddable":true,"href":"https:\/\/portaldaacorianidade.azores.gov.pt\/en\/wp-json\/wp\/v2\/users\/3"}],"replies":[{"embeddable":true,"href":"https:\/\/portaldaacorianidade.azores.gov.pt\/en\/wp-json\/wp\/v2\/comments?post=4896"}],"version-history":[{"count":1,"href":"https:\/\/portaldaacorianidade.azores.gov.pt\/en\/wp-json\/wp\/v2\/posts\/4896\/revisions"}],"predecessor-version":[{"id":4897,"href":"https:\/\/portaldaacorianidade.azores.gov.pt\/en\/wp-json\/wp\/v2\/posts\/4896\/revisions\/4897"}],"wp:featuredmedia":[{"embeddable":true,"href":"https:\/\/portaldaacorianidade.azores.gov.pt\/en\/wp-json\/wp\/v2\/media\/4892"}],"wp:attachment":[{"href":"https:\/\/portaldaacorianidade.azores.gov.pt\/en\/wp-json\/wp\/v2\/media?parent=4896"}],"wp:term":[{"taxonomy":"category","embeddable":true,"href":"https:\/\/portaldaacorianidade.azores.gov.pt\/en\/wp-json\/wp\/v2\/categories?post=4896"},{"taxonomy":"post_tag","embeddable":true,"href":"https:\/\/portaldaacorianidade.azores.gov.pt\/en\/wp-json\/wp\/v2\/tags?post=4896"}],"curies":[{"name":"wp","href":"https:\/\/api.w.org\/{rel}","templated":true}]}}