{"id":4860,"date":"2024-11-08T16:31:19","date_gmt":"2024-11-08T16:31:19","guid":{"rendered":"https:\/\/portaldaacorianidade.azores.gov.pt\/?p=4860"},"modified":"2024-11-22T12:59:03","modified_gmt":"2024-11-22T12:59:03","slug":"beauty-in-the-world-wins-intercultural-poetry-competition","status":"publish","type":"post","link":"https:\/\/portaldaacorianidade.azores.gov.pt\/en\/beauty-in-the-world-wins-intercultural-poetry-competition\/","title":{"rendered":"\u201cBeauty in the world\u201d wins intercultural poetry competition"},"content":{"rendered":"<p>Nicole Vieira, a student at Antero de Quental Secondary School, was the winner of the \u201cIntercultural Poetry\u201d literary competition, promoted by the Regional Secretariat for Parliamentary Affairs and Communities, through the Regional Directorate for Communities.<\/p>\n<p>The poem \u201cThe beauty of the world\u201d, by the young student from the island of S\u00e3o Miguel, was chosen by the jury made up of Margarida Ramalho, \u00c1lamo Oliveira and Eleonora Duarte, from among the 12 texts submitted to the competition.<\/p>\n<p>Nicole Vieira will receive a plane ticket for two people, between her island of residence and any other in the Azores, a prize that will be awarded at the Macaronesian Poetry and Music Gala, promoted by the Regional Secretariat for Parliamentary Affairs and Communities, through the Regional Directorate for Communities, at the end of the VII International Poetry Meeting of Macaronesia, which will take place on November 9, at 9.30pm, in the Auditorium of the Public Library and Regional Archive of Ponta Delgada.<\/p>\n<p>In turn, the Antero de Quental Secondary School will receive a selected set of books for its library.<\/p>\n<p>The literary competition, \u201cIntercultural Poetry\u201d, was presented on March 21, 2024, on the occasion of the International Day for the Elimination of Racial Discrimination and World Poetry Day, and aimed to promote interaction and dialogue, in a school context, between different cultures through poetic expression, valuing the written production of students from the Azores, in the genre of poetry, on themes such as multiculturalism, interculturalism and cultural diversity.<\/p>\n<p>Beauty in the world<\/p>\n<p>From my bedroom window<\/p>\n<p>I see the world around me<\/p>\n<p>I see the rain, I feel the wind<\/p>\n<p>And I also feel the heat<\/p>\n<p>In another place, far away,<\/p>\n<p>Someone else feels it too,<\/p>\n<p>With another life, another culture,<\/p>\n<p>But with the same mind<\/p>\n<p>Skins of different colors,<\/p>\n<p>And more languages<\/p>\n<p>Than water in the sea.<\/p>\n<p>In a world of people who deserve to be loved,<\/p>\n<p>And who also want to love<\/p>\n<p>All of us with differences<\/p>\n<p>That make us unique.<\/p>\n<p>Various ideas, various beliefs<\/p>\n<p>That make us as beautiful as the world.<\/p>\n<p>But despite everything<\/p>\n<p>we are all the same.<\/p>\n<p>We all see from our windows<\/p>\n<p>Nature and animals.<\/p>\n","protected":false},"excerpt":{"rendered":"<p>Nicole Vieira, a student at Antero de Quental Secondary School, was the winner of the \u201cIntercultural Poetry\u201d literary competition, promoted by the Regional Secretariat for Parliamentary Affairs and Communities, through the Regional Directorate for Communities. The poem \u201cThe beauty of the world\u201d, by the young student from the island of S\u00e3o Miguel, was chosen by [&hellip;]<\/p>\n","protected":false},"author":3,"featured_media":4842,"comment_status":"closed","ping_status":"closed","sticky":false,"template":"","format":"standard","meta":[],"categories":[32],"tags":[],"yoast_head":"<!-- This site is optimized with the Yoast SEO plugin v17.3 - https:\/\/yoast.com\/wordpress\/plugins\/seo\/ -->\n<title>\u201cBeauty in the world\u201d wins intercultural poetry competition - Portal da A\u00e7orianidade - plataforma com os sites geridos pela Vice Presid\u00eancia do Governo<\/title>\n<meta name=\"robots\" content=\"index, follow, max-snippet:-1, max-image-preview:large, max-video-preview:-1\" \/>\n<link rel=\"canonical\" href=\"https:\/\/portaldaacorianidade.azores.gov.pt\/en\/beauty-in-the-world-wins-intercultural-poetry-competition\/\" \/>\n<meta property=\"og:locale\" content=\"en_US\" \/>\n<meta property=\"og:type\" content=\"article\" \/>\n<meta property=\"og:title\" content=\"\u201cBeauty in the world\u201d wins intercultural poetry competition - Portal da A\u00e7orianidade - plataforma com os sites geridos pela Vice Presid\u00eancia do Governo\" \/>\n<meta property=\"og:description\" content=\"Nicole Vieira, a student at Antero de Quental Secondary School, was the winner of the \u201cIntercultural Poetry\u201d literary competition, promoted by the Regional Secretariat for Parliamentary Affairs and Communities, through the Regional Directorate for Communities. The poem \u201cThe beauty of the world\u201d, by the young student from the island of S\u00e3o Miguel, was chosen by [&hellip;]\" \/>\n<meta property=\"og:url\" content=\"https:\/\/portaldaacorianidade.azores.gov.pt\/en\/beauty-in-the-world-wins-intercultural-poetry-competition\/\" \/>\n<meta property=\"og:site_name\" content=\"Portal da A\u00e7orianidade - plataforma com os sites geridos pela Vice Presid\u00eancia do Governo\" \/>\n<meta property=\"article:published_time\" content=\"2024-11-08T16:31:19+00:00\" \/>\n<meta property=\"article:modified_time\" content=\"2024-11-22T12:59:03+00:00\" \/>\n<meta property=\"og:image\" content=\"https:\/\/portaldaacorianidade.azores.gov.pt\/wp-content\/uploads\/2024\/11\/pOESIA.jpg\" \/>\n\t<meta property=\"og:image:width\" content=\"1915\" \/>\n\t<meta property=\"og:image:height\" content=\"709\" \/>\n<meta name=\"twitter:card\" content=\"summary_large_image\" \/>\n<meta name=\"twitter:label1\" content=\"Written by\" \/>\n\t<meta name=\"twitter:data1\" content=\"drc\" \/>\n\t<meta name=\"twitter:label2\" content=\"Est. reading time\" \/>\n\t<meta name=\"twitter:data2\" content=\"2 minutes\" \/>\n<script type=\"application\/ld+json\" class=\"yoast-schema-graph\">{\"@context\":\"https:\/\/schema.org\",\"@graph\":[{\"@type\":\"WebSite\",\"@id\":\"https:\/\/portaldaacorianidade.azores.gov.pt\/#website\",\"url\":\"https:\/\/portaldaacorianidade.azores.gov.pt\/\",\"name\":\"Portal da A\\u00e7orianidade - plataforma com os sites geridos pela Vice Presid\\u00eancia do Governo\",\"description\":\" Plataforma os v\\u00e1rios sites geridos pela Vice-Presid\\u00eancia do Governo dos A\\u00e7ores, atrav\\u00e9s da Dire\\u00e7\\u00e3o Regional das Comunidades\",\"potentialAction\":[{\"@type\":\"SearchAction\",\"target\":{\"@type\":\"EntryPoint\",\"urlTemplate\":\"https:\/\/portaldaacorianidade.azores.gov.pt\/?s={search_term_string}\"},\"query-input\":\"required name=search_term_string\"}],\"inLanguage\":\"en-US\"},{\"@type\":\"ImageObject\",\"@id\":\"https:\/\/portaldaacorianidade.azores.gov.pt\/en\/beauty-in-the-world-wins-intercultural-poetry-competition\/#primaryimage\",\"inLanguage\":\"en-US\",\"url\":\"https:\/\/portaldaacorianidade.azores.gov.pt\/wp-content\/uploads\/2024\/11\/pOESIA.jpg\",\"contentUrl\":\"https:\/\/portaldaacorianidade.azores.gov.pt\/wp-content\/uploads\/2024\/11\/pOESIA.jpg\",\"width\":1915,\"height\":709},{\"@type\":\"WebPage\",\"@id\":\"https:\/\/portaldaacorianidade.azores.gov.pt\/en\/beauty-in-the-world-wins-intercultural-poetry-competition\/#webpage\",\"url\":\"https:\/\/portaldaacorianidade.azores.gov.pt\/en\/beauty-in-the-world-wins-intercultural-poetry-competition\/\",\"name\":\"\\u201cBeauty in the world\\u201d wins intercultural poetry competition - Portal da A\\u00e7orianidade - plataforma com os sites geridos pela Vice Presid\\u00eancia do Governo\",\"isPartOf\":{\"@id\":\"https:\/\/portaldaacorianidade.azores.gov.pt\/#website\"},\"primaryImageOfPage\":{\"@id\":\"https:\/\/portaldaacorianidade.azores.gov.pt\/en\/beauty-in-the-world-wins-intercultural-poetry-competition\/#primaryimage\"},\"datePublished\":\"2024-11-08T16:31:19+00:00\",\"dateModified\":\"2024-11-22T12:59:03+00:00\",\"author\":{\"@id\":\"https:\/\/portaldaacorianidade.azores.gov.pt\/#\/schema\/person\/30f08a4a879b417fb08758cfe32fa2b7\"},\"breadcrumb\":{\"@id\":\"https:\/\/portaldaacorianidade.azores.gov.pt\/en\/beauty-in-the-world-wins-intercultural-poetry-competition\/#breadcrumb\"},\"inLanguage\":\"en-US\",\"potentialAction\":[{\"@type\":\"ReadAction\",\"target\":[\"https:\/\/portaldaacorianidade.azores.gov.pt\/en\/beauty-in-the-world-wins-intercultural-poetry-competition\/\"]}]},{\"@type\":\"BreadcrumbList\",\"@id\":\"https:\/\/portaldaacorianidade.azores.gov.pt\/en\/beauty-in-the-world-wins-intercultural-poetry-competition\/#breadcrumb\",\"itemListElement\":[{\"@type\":\"ListItem\",\"position\":1,\"name\":\"\\u201cBeauty in the world\\u201d wins intercultural poetry competition\"}]},{\"@type\":\"Person\",\"@id\":\"https:\/\/portaldaacorianidade.azores.gov.pt\/#\/schema\/person\/30f08a4a879b417fb08758cfe32fa2b7\",\"name\":\"drc\",\"image\":{\"@type\":\"ImageObject\",\"@id\":\"https:\/\/portaldaacorianidade.azores.gov.pt\/#personlogo\",\"inLanguage\":\"en-US\",\"url\":\"https:\/\/secure.gravatar.com\/avatar\/228c5f796e635a16246d2001595092bb?s=96&d=mm&r=g\",\"contentUrl\":\"https:\/\/secure.gravatar.com\/avatar\/228c5f796e635a16246d2001595092bb?s=96&d=mm&r=g\",\"caption\":\"drc\"},\"url\":\"https:\/\/portaldaacorianidade.azores.gov.pt\/en\/author\/drc\/\"}]}<\/script>\n<!-- \/ Yoast SEO plugin. -->","yoast_head_json":{"title":"\u201cBeauty in the world\u201d wins intercultural poetry competition - Portal da A\u00e7orianidade - plataforma com os sites geridos pela Vice Presid\u00eancia do Governo","robots":{"index":"index","follow":"follow","max-snippet":"max-snippet:-1","max-image-preview":"max-image-preview:large","max-video-preview":"max-video-preview:-1"},"canonical":"https:\/\/portaldaacorianidade.azores.gov.pt\/en\/beauty-in-the-world-wins-intercultural-poetry-competition\/","og_locale":"en_US","og_type":"article","og_title":"\u201cBeauty in the world\u201d wins intercultural poetry competition - Portal da A\u00e7orianidade - plataforma com os sites geridos pela Vice Presid\u00eancia do Governo","og_description":"Nicole Vieira, a student at Antero de Quental Secondary School, was the winner of the \u201cIntercultural Poetry\u201d literary competition, promoted by the Regional Secretariat for Parliamentary Affairs and Communities, through the Regional Directorate for Communities. The poem \u201cThe beauty of the world\u201d, by the young student from the island of S\u00e3o Miguel, was chosen by [&hellip;]","og_url":"https:\/\/portaldaacorianidade.azores.gov.pt\/en\/beauty-in-the-world-wins-intercultural-poetry-competition\/","og_site_name":"Portal da A\u00e7orianidade - plataforma com os sites geridos pela Vice Presid\u00eancia do Governo","article_published_time":"2024-11-08T16:31:19+00:00","article_modified_time":"2024-11-22T12:59:03+00:00","og_image":[{"width":1915,"height":709,"url":"https:\/\/portaldaacorianidade.azores.gov.pt\/wp-content\/uploads\/2024\/11\/pOESIA.jpg","type":"image\/jpeg"}],"twitter_card":"summary_large_image","twitter_misc":{"Written by":"drc","Est. reading time":"2 minutes"},"schema":{"@context":"https:\/\/schema.org","@graph":[{"@type":"WebSite","@id":"https:\/\/portaldaacorianidade.azores.gov.pt\/#website","url":"https:\/\/portaldaacorianidade.azores.gov.pt\/","name":"Portal da A\u00e7orianidade - plataforma com os sites geridos pela Vice Presid\u00eancia do Governo","description":" Plataforma os v\u00e1rios sites geridos pela Vice-Presid\u00eancia do Governo dos A\u00e7ores, atrav\u00e9s da Dire\u00e7\u00e3o Regional das Comunidades","potentialAction":[{"@type":"SearchAction","target":{"@type":"EntryPoint","urlTemplate":"https:\/\/portaldaacorianidade.azores.gov.pt\/?s={search_term_string}"},"query-input":"required name=search_term_string"}],"inLanguage":"en-US"},{"@type":"ImageObject","@id":"https:\/\/portaldaacorianidade.azores.gov.pt\/en\/beauty-in-the-world-wins-intercultural-poetry-competition\/#primaryimage","inLanguage":"en-US","url":"https:\/\/portaldaacorianidade.azores.gov.pt\/wp-content\/uploads\/2024\/11\/pOESIA.jpg","contentUrl":"https:\/\/portaldaacorianidade.azores.gov.pt\/wp-content\/uploads\/2024\/11\/pOESIA.jpg","width":1915,"height":709},{"@type":"WebPage","@id":"https:\/\/portaldaacorianidade.azores.gov.pt\/en\/beauty-in-the-world-wins-intercultural-poetry-competition\/#webpage","url":"https:\/\/portaldaacorianidade.azores.gov.pt\/en\/beauty-in-the-world-wins-intercultural-poetry-competition\/","name":"\u201cBeauty in the world\u201d wins intercultural poetry competition - Portal da A\u00e7orianidade - plataforma com os sites geridos pela Vice Presid\u00eancia do Governo","isPartOf":{"@id":"https:\/\/portaldaacorianidade.azores.gov.pt\/#website"},"primaryImageOfPage":{"@id":"https:\/\/portaldaacorianidade.azores.gov.pt\/en\/beauty-in-the-world-wins-intercultural-poetry-competition\/#primaryimage"},"datePublished":"2024-11-08T16:31:19+00:00","dateModified":"2024-11-22T12:59:03+00:00","author":{"@id":"https:\/\/portaldaacorianidade.azores.gov.pt\/#\/schema\/person\/30f08a4a879b417fb08758cfe32fa2b7"},"breadcrumb":{"@id":"https:\/\/portaldaacorianidade.azores.gov.pt\/en\/beauty-in-the-world-wins-intercultural-poetry-competition\/#breadcrumb"},"inLanguage":"en-US","potentialAction":[{"@type":"ReadAction","target":["https:\/\/portaldaacorianidade.azores.gov.pt\/en\/beauty-in-the-world-wins-intercultural-poetry-competition\/"]}]},{"@type":"BreadcrumbList","@id":"https:\/\/portaldaacorianidade.azores.gov.pt\/en\/beauty-in-the-world-wins-intercultural-poetry-competition\/#breadcrumb","itemListElement":[{"@type":"ListItem","position":1,"name":"\u201cBeauty in the world\u201d wins intercultural poetry competition"}]},{"@type":"Person","@id":"https:\/\/portaldaacorianidade.azores.gov.pt\/#\/schema\/person\/30f08a4a879b417fb08758cfe32fa2b7","name":"drc","image":{"@type":"ImageObject","@id":"https:\/\/portaldaacorianidade.azores.gov.pt\/#personlogo","inLanguage":"en-US","url":"https:\/\/secure.gravatar.com\/avatar\/228c5f796e635a16246d2001595092bb?s=96&d=mm&r=g","contentUrl":"https:\/\/secure.gravatar.com\/avatar\/228c5f796e635a16246d2001595092bb?s=96&d=mm&r=g","caption":"drc"},"url":"https:\/\/portaldaacorianidade.azores.gov.pt\/en\/author\/drc\/"}]}},"_links":{"self":[{"href":"https:\/\/portaldaacorianidade.azores.gov.pt\/en\/wp-json\/wp\/v2\/posts\/4860"}],"collection":[{"href":"https:\/\/portaldaacorianidade.azores.gov.pt\/en\/wp-json\/wp\/v2\/posts"}],"about":[{"href":"https:\/\/portaldaacorianidade.azores.gov.pt\/en\/wp-json\/wp\/v2\/types\/post"}],"author":[{"embeddable":true,"href":"https:\/\/portaldaacorianidade.azores.gov.pt\/en\/wp-json\/wp\/v2\/users\/3"}],"replies":[{"embeddable":true,"href":"https:\/\/portaldaacorianidade.azores.gov.pt\/en\/wp-json\/wp\/v2\/comments?post=4860"}],"version-history":[{"count":1,"href":"https:\/\/portaldaacorianidade.azores.gov.pt\/en\/wp-json\/wp\/v2\/posts\/4860\/revisions"}],"predecessor-version":[{"id":4861,"href":"https:\/\/portaldaacorianidade.azores.gov.pt\/en\/wp-json\/wp\/v2\/posts\/4860\/revisions\/4861"}],"wp:featuredmedia":[{"embeddable":true,"href":"https:\/\/portaldaacorianidade.azores.gov.pt\/en\/wp-json\/wp\/v2\/media\/4842"}],"wp:attachment":[{"href":"https:\/\/portaldaacorianidade.azores.gov.pt\/en\/wp-json\/wp\/v2\/media?parent=4860"}],"wp:term":[{"taxonomy":"category","embeddable":true,"href":"https:\/\/portaldaacorianidade.azores.gov.pt\/en\/wp-json\/wp\/v2\/categories?post=4860"},{"taxonomy":"post_tag","embeddable":true,"href":"https:\/\/portaldaacorianidade.azores.gov.pt\/en\/wp-json\/wp\/v2\/tags?post=4860"}],"curies":[{"name":"wp","href":"https:\/\/api.w.org\/{rel}","templated":true}]}}