{"id":4856,"date":"2024-11-07T16:55:58","date_gmt":"2024-11-07T16:55:58","guid":{"rendered":"https:\/\/portaldaacorianidade.azores.gov.pt\/?p=4856"},"modified":"2024-11-13T16:20:29","modified_gmt":"2024-11-13T16:20:29","slug":"paulo-estevao-visits-azorean-community-in-winnipeg","status":"publish","type":"post","link":"https:\/\/portaldaacorianidade.azores.gov.pt\/en\/paulo-estevao-visits-azorean-community-in-winnipeg\/","title":{"rendered":"Paulo Est\u00eav\u00e3o visits Azorean community in Winnipeg"},"content":{"rendered":"<p>The Regional Secretary for Parliamentary Affairs and Communities, Paulo Est\u00eav\u00e3o, is visiting Winnipeg, Canada, between Friday and Sunday, as part of \u201cAzores Cultural Week\u201d, promoted by the city&#8217;s House of the Azores.<\/p>\n<p>Between Wednesday and Sunday, Winnipeg&#8217;s House of the Azores will be promoting a series of activities with various Azorean guests, with the aim of strengthening ties between that diaspora community and the Autonomous Region of the Azores.<\/p>\n<p>Folklore, cuisine, theater, music, lectures, book launches and other cultural activities draw the attention and appeal to the imagination not only of Winnipeg&#8217;s Azorean and Azordescendant community, but also of participants from diverse backgrounds.<\/p>\n<p>The House of the Azores of Winnipeg, initially called the Azorean Cultural Centre of Manitoba, was founded on September 13, 1992.<\/p>\n<p>It wasn&#8217;t until it joined the World Council of Houses of the Azores in 2001 that the organization took on the name House of the Azores of Winnipeg.<\/p>\n<p>The House of the Azores of Winnipeg aims to promote, preserve and disseminate Azorean culture locally and to create bridges that bring Azoreans living in that part of Canada ever closer to the Azores.<\/p>\n","protected":false},"excerpt":{"rendered":"<p>The Regional Secretary for Parliamentary Affairs and Communities, Paulo Est\u00eav\u00e3o, is visiting Winnipeg, Canada, between Friday and Sunday, as part of \u201cAzores Cultural Week\u201d, promoted by the city&#8217;s House of the Azores. Between Wednesday and Sunday, Winnipeg&#8217;s House of the Azores will be promoting a series of activities with various Azorean guests, with the aim [&hellip;]<\/p>\n","protected":false},"author":3,"featured_media":4834,"comment_status":"closed","ping_status":"closed","sticky":false,"template":"","format":"standard","meta":[],"categories":[32],"tags":[],"yoast_head":"<!-- This site is optimized with the Yoast SEO plugin v17.3 - https:\/\/yoast.com\/wordpress\/plugins\/seo\/ -->\n<title>Paulo Est\u00eav\u00e3o visits Azorean community in Winnipeg - Portal da A\u00e7orianidade - plataforma com os sites geridos pela Vice Presid\u00eancia do Governo<\/title>\n<meta name=\"robots\" content=\"index, follow, max-snippet:-1, max-image-preview:large, max-video-preview:-1\" \/>\n<link rel=\"canonical\" href=\"https:\/\/portaldaacorianidade.azores.gov.pt\/en\/paulo-estevao-visits-azorean-community-in-winnipeg\/\" \/>\n<meta property=\"og:locale\" content=\"en_US\" \/>\n<meta property=\"og:type\" content=\"article\" \/>\n<meta property=\"og:title\" content=\"Paulo Est\u00eav\u00e3o visits Azorean community in Winnipeg - Portal da A\u00e7orianidade - plataforma com os sites geridos pela Vice Presid\u00eancia do Governo\" \/>\n<meta property=\"og:description\" content=\"The Regional Secretary for Parliamentary Affairs and Communities, Paulo Est\u00eav\u00e3o, is visiting Winnipeg, Canada, between Friday and Sunday, as part of \u201cAzores Cultural Week\u201d, promoted by the city&#8217;s House of the Azores. Between Wednesday and Sunday, Winnipeg&#8217;s House of the Azores will be promoting a series of activities with various Azorean guests, with the aim [&hellip;]\" \/>\n<meta property=\"og:url\" content=\"https:\/\/portaldaacorianidade.azores.gov.pt\/en\/paulo-estevao-visits-azorean-community-in-winnipeg\/\" \/>\n<meta property=\"og:site_name\" content=\"Portal da A\u00e7orianidade - plataforma com os sites geridos pela Vice Presid\u00eancia do Governo\" \/>\n<meta property=\"article:published_time\" content=\"2024-11-07T16:55:58+00:00\" \/>\n<meta property=\"article:modified_time\" content=\"2024-11-13T16:20:29+00:00\" \/>\n<meta property=\"og:image\" content=\"https:\/\/portaldaacorianidade.azores.gov.pt\/wp-content\/uploads\/2024\/11\/P-ES-scaled.jpg\" \/>\n\t<meta property=\"og:image:width\" content=\"2560\" \/>\n\t<meta property=\"og:image:height\" content=\"1439\" \/>\n<meta name=\"twitter:card\" content=\"summary_large_image\" \/>\n<meta name=\"twitter:label1\" content=\"Written by\" \/>\n\t<meta name=\"twitter:data1\" content=\"drc\" \/>\n\t<meta name=\"twitter:label2\" content=\"Est. reading time\" \/>\n\t<meta name=\"twitter:data2\" content=\"1 minute\" \/>\n<script type=\"application\/ld+json\" class=\"yoast-schema-graph\">{\"@context\":\"https:\/\/schema.org\",\"@graph\":[{\"@type\":\"WebSite\",\"@id\":\"https:\/\/portaldaacorianidade.azores.gov.pt\/#website\",\"url\":\"https:\/\/portaldaacorianidade.azores.gov.pt\/\",\"name\":\"Portal da A\\u00e7orianidade - plataforma com os sites geridos pela Vice Presid\\u00eancia do Governo\",\"description\":\" Plataforma os v\\u00e1rios sites geridos pela Vice-Presid\\u00eancia do Governo dos A\\u00e7ores, atrav\\u00e9s da Dire\\u00e7\\u00e3o Regional das Comunidades\",\"potentialAction\":[{\"@type\":\"SearchAction\",\"target\":{\"@type\":\"EntryPoint\",\"urlTemplate\":\"https:\/\/portaldaacorianidade.azores.gov.pt\/?s={search_term_string}\"},\"query-input\":\"required name=search_term_string\"}],\"inLanguage\":\"en-US\"},{\"@type\":\"ImageObject\",\"@id\":\"https:\/\/portaldaacorianidade.azores.gov.pt\/en\/paulo-estevao-visits-azorean-community-in-winnipeg\/#primaryimage\",\"inLanguage\":\"en-US\",\"url\":\"https:\/\/portaldaacorianidade.azores.gov.pt\/wp-content\/uploads\/2024\/11\/P-ES-scaled.jpg\",\"contentUrl\":\"https:\/\/portaldaacorianidade.azores.gov.pt\/wp-content\/uploads\/2024\/11\/P-ES-scaled.jpg\",\"width\":2560,\"height\":1439},{\"@type\":\"WebPage\",\"@id\":\"https:\/\/portaldaacorianidade.azores.gov.pt\/en\/paulo-estevao-visits-azorean-community-in-winnipeg\/#webpage\",\"url\":\"https:\/\/portaldaacorianidade.azores.gov.pt\/en\/paulo-estevao-visits-azorean-community-in-winnipeg\/\",\"name\":\"Paulo Est\\u00eav\\u00e3o visits Azorean community in Winnipeg - Portal da A\\u00e7orianidade - plataforma com os sites geridos pela Vice Presid\\u00eancia do Governo\",\"isPartOf\":{\"@id\":\"https:\/\/portaldaacorianidade.azores.gov.pt\/#website\"},\"primaryImageOfPage\":{\"@id\":\"https:\/\/portaldaacorianidade.azores.gov.pt\/en\/paulo-estevao-visits-azorean-community-in-winnipeg\/#primaryimage\"},\"datePublished\":\"2024-11-07T16:55:58+00:00\",\"dateModified\":\"2024-11-13T16:20:29+00:00\",\"author\":{\"@id\":\"https:\/\/portaldaacorianidade.azores.gov.pt\/#\/schema\/person\/30f08a4a879b417fb08758cfe32fa2b7\"},\"breadcrumb\":{\"@id\":\"https:\/\/portaldaacorianidade.azores.gov.pt\/en\/paulo-estevao-visits-azorean-community-in-winnipeg\/#breadcrumb\"},\"inLanguage\":\"en-US\",\"potentialAction\":[{\"@type\":\"ReadAction\",\"target\":[\"https:\/\/portaldaacorianidade.azores.gov.pt\/en\/paulo-estevao-visits-azorean-community-in-winnipeg\/\"]}]},{\"@type\":\"BreadcrumbList\",\"@id\":\"https:\/\/portaldaacorianidade.azores.gov.pt\/en\/paulo-estevao-visits-azorean-community-in-winnipeg\/#breadcrumb\",\"itemListElement\":[{\"@type\":\"ListItem\",\"position\":1,\"name\":\"Paulo Est\\u00eav\\u00e3o visits Azorean community in Winnipeg\"}]},{\"@type\":\"Person\",\"@id\":\"https:\/\/portaldaacorianidade.azores.gov.pt\/#\/schema\/person\/30f08a4a879b417fb08758cfe32fa2b7\",\"name\":\"drc\",\"image\":{\"@type\":\"ImageObject\",\"@id\":\"https:\/\/portaldaacorianidade.azores.gov.pt\/#personlogo\",\"inLanguage\":\"en-US\",\"url\":\"https:\/\/secure.gravatar.com\/avatar\/228c5f796e635a16246d2001595092bb?s=96&d=mm&r=g\",\"contentUrl\":\"https:\/\/secure.gravatar.com\/avatar\/228c5f796e635a16246d2001595092bb?s=96&d=mm&r=g\",\"caption\":\"drc\"},\"url\":\"https:\/\/portaldaacorianidade.azores.gov.pt\/en\/author\/drc\/\"}]}<\/script>\n<!-- \/ Yoast SEO plugin. -->","yoast_head_json":{"title":"Paulo Est\u00eav\u00e3o visits Azorean community in Winnipeg - Portal da A\u00e7orianidade - plataforma com os sites geridos pela Vice Presid\u00eancia do Governo","robots":{"index":"index","follow":"follow","max-snippet":"max-snippet:-1","max-image-preview":"max-image-preview:large","max-video-preview":"max-video-preview:-1"},"canonical":"https:\/\/portaldaacorianidade.azores.gov.pt\/en\/paulo-estevao-visits-azorean-community-in-winnipeg\/","og_locale":"en_US","og_type":"article","og_title":"Paulo Est\u00eav\u00e3o visits Azorean community in Winnipeg - Portal da A\u00e7orianidade - plataforma com os sites geridos pela Vice Presid\u00eancia do Governo","og_description":"The Regional Secretary for Parliamentary Affairs and Communities, Paulo Est\u00eav\u00e3o, is visiting Winnipeg, Canada, between Friday and Sunday, as part of \u201cAzores Cultural Week\u201d, promoted by the city&#8217;s House of the Azores. Between Wednesday and Sunday, Winnipeg&#8217;s House of the Azores will be promoting a series of activities with various Azorean guests, with the aim [&hellip;]","og_url":"https:\/\/portaldaacorianidade.azores.gov.pt\/en\/paulo-estevao-visits-azorean-community-in-winnipeg\/","og_site_name":"Portal da A\u00e7orianidade - plataforma com os sites geridos pela Vice Presid\u00eancia do Governo","article_published_time":"2024-11-07T16:55:58+00:00","article_modified_time":"2024-11-13T16:20:29+00:00","og_image":[{"width":2560,"height":1439,"url":"https:\/\/portaldaacorianidade.azores.gov.pt\/wp-content\/uploads\/2024\/11\/P-ES-scaled.jpg","type":"image\/jpeg"}],"twitter_card":"summary_large_image","twitter_misc":{"Written by":"drc","Est. reading time":"1 minute"},"schema":{"@context":"https:\/\/schema.org","@graph":[{"@type":"WebSite","@id":"https:\/\/portaldaacorianidade.azores.gov.pt\/#website","url":"https:\/\/portaldaacorianidade.azores.gov.pt\/","name":"Portal da A\u00e7orianidade - plataforma com os sites geridos pela Vice Presid\u00eancia do Governo","description":" Plataforma os v\u00e1rios sites geridos pela Vice-Presid\u00eancia do Governo dos A\u00e7ores, atrav\u00e9s da Dire\u00e7\u00e3o Regional das Comunidades","potentialAction":[{"@type":"SearchAction","target":{"@type":"EntryPoint","urlTemplate":"https:\/\/portaldaacorianidade.azores.gov.pt\/?s={search_term_string}"},"query-input":"required name=search_term_string"}],"inLanguage":"en-US"},{"@type":"ImageObject","@id":"https:\/\/portaldaacorianidade.azores.gov.pt\/en\/paulo-estevao-visits-azorean-community-in-winnipeg\/#primaryimage","inLanguage":"en-US","url":"https:\/\/portaldaacorianidade.azores.gov.pt\/wp-content\/uploads\/2024\/11\/P-ES-scaled.jpg","contentUrl":"https:\/\/portaldaacorianidade.azores.gov.pt\/wp-content\/uploads\/2024\/11\/P-ES-scaled.jpg","width":2560,"height":1439},{"@type":"WebPage","@id":"https:\/\/portaldaacorianidade.azores.gov.pt\/en\/paulo-estevao-visits-azorean-community-in-winnipeg\/#webpage","url":"https:\/\/portaldaacorianidade.azores.gov.pt\/en\/paulo-estevao-visits-azorean-community-in-winnipeg\/","name":"Paulo Est\u00eav\u00e3o visits Azorean community in Winnipeg - Portal da A\u00e7orianidade - plataforma com os sites geridos pela Vice Presid\u00eancia do Governo","isPartOf":{"@id":"https:\/\/portaldaacorianidade.azores.gov.pt\/#website"},"primaryImageOfPage":{"@id":"https:\/\/portaldaacorianidade.azores.gov.pt\/en\/paulo-estevao-visits-azorean-community-in-winnipeg\/#primaryimage"},"datePublished":"2024-11-07T16:55:58+00:00","dateModified":"2024-11-13T16:20:29+00:00","author":{"@id":"https:\/\/portaldaacorianidade.azores.gov.pt\/#\/schema\/person\/30f08a4a879b417fb08758cfe32fa2b7"},"breadcrumb":{"@id":"https:\/\/portaldaacorianidade.azores.gov.pt\/en\/paulo-estevao-visits-azorean-community-in-winnipeg\/#breadcrumb"},"inLanguage":"en-US","potentialAction":[{"@type":"ReadAction","target":["https:\/\/portaldaacorianidade.azores.gov.pt\/en\/paulo-estevao-visits-azorean-community-in-winnipeg\/"]}]},{"@type":"BreadcrumbList","@id":"https:\/\/portaldaacorianidade.azores.gov.pt\/en\/paulo-estevao-visits-azorean-community-in-winnipeg\/#breadcrumb","itemListElement":[{"@type":"ListItem","position":1,"name":"Paulo Est\u00eav\u00e3o visits Azorean community in Winnipeg"}]},{"@type":"Person","@id":"https:\/\/portaldaacorianidade.azores.gov.pt\/#\/schema\/person\/30f08a4a879b417fb08758cfe32fa2b7","name":"drc","image":{"@type":"ImageObject","@id":"https:\/\/portaldaacorianidade.azores.gov.pt\/#personlogo","inLanguage":"en-US","url":"https:\/\/secure.gravatar.com\/avatar\/228c5f796e635a16246d2001595092bb?s=96&d=mm&r=g","contentUrl":"https:\/\/secure.gravatar.com\/avatar\/228c5f796e635a16246d2001595092bb?s=96&d=mm&r=g","caption":"drc"},"url":"https:\/\/portaldaacorianidade.azores.gov.pt\/en\/author\/drc\/"}]}},"_links":{"self":[{"href":"https:\/\/portaldaacorianidade.azores.gov.pt\/en\/wp-json\/wp\/v2\/posts\/4856"}],"collection":[{"href":"https:\/\/portaldaacorianidade.azores.gov.pt\/en\/wp-json\/wp\/v2\/posts"}],"about":[{"href":"https:\/\/portaldaacorianidade.azores.gov.pt\/en\/wp-json\/wp\/v2\/types\/post"}],"author":[{"embeddable":true,"href":"https:\/\/portaldaacorianidade.azores.gov.pt\/en\/wp-json\/wp\/v2\/users\/3"}],"replies":[{"embeddable":true,"href":"https:\/\/portaldaacorianidade.azores.gov.pt\/en\/wp-json\/wp\/v2\/comments?post=4856"}],"version-history":[{"count":1,"href":"https:\/\/portaldaacorianidade.azores.gov.pt\/en\/wp-json\/wp\/v2\/posts\/4856\/revisions"}],"predecessor-version":[{"id":4857,"href":"https:\/\/portaldaacorianidade.azores.gov.pt\/en\/wp-json\/wp\/v2\/posts\/4856\/revisions\/4857"}],"wp:featuredmedia":[{"embeddable":true,"href":"https:\/\/portaldaacorianidade.azores.gov.pt\/en\/wp-json\/wp\/v2\/media\/4834"}],"wp:attachment":[{"href":"https:\/\/portaldaacorianidade.azores.gov.pt\/en\/wp-json\/wp\/v2\/media?parent=4856"}],"wp:term":[{"taxonomy":"category","embeddable":true,"href":"https:\/\/portaldaacorianidade.azores.gov.pt\/en\/wp-json\/wp\/v2\/categories?post=4856"},{"taxonomy":"post_tag","embeddable":true,"href":"https:\/\/portaldaacorianidade.azores.gov.pt\/en\/wp-json\/wp\/v2\/tags?post=4856"}],"curies":[{"name":"wp","href":"https:\/\/api.w.org\/{rel}","templated":true}]}}