{"id":4808,"date":"2024-10-24T11:35:56","date_gmt":"2024-10-24T11:35:56","guid":{"rendered":"https:\/\/portaldaacorianidade.azores.gov.pt\/?p=4808"},"modified":"2024-11-08T16:31:47","modified_gmt":"2024-11-08T16:31:47","slug":"azores-brazil-meeting-reaches-pico-and-faial","status":"publish","type":"post","link":"https:\/\/portaldaacorianidade.azores.gov.pt\/en\/azores-brazil-meeting-reaches-pico-and-faial\/","title":{"rendered":"Azores Brazil meeting reaches Pico and Faial"},"content":{"rendered":"<p>The Regional Secretariat for Parliamentary Affairs and Communities, through the Regional Directorate for the Communities, is promoting another edition of the Azores Brazil Meeting, this time on the islands of Pico and Faial on October 14 and 15.<\/p>\n<p>The seventh edition of this initiative aims to boost the special historical relations between the Azores and Brazil. It will be promoted in a new format, with one session for secondary school students and another for the general public.<\/p>\n<p>On the island of Pico, the school session will be held on Monday, October 14, at the auditorium of Madalena Secondary School at 2:30 p.m.\u00a0The public session will take place at Madalena Municipal Library at 6 p.m.<\/p>\n<p>On the island of Faial, the school session will take place on Tuesday, October 15, at the Horta Secondary School at noon. The session for the general public will be held at the Jo\u00e3o Jos\u00e9 da Gra\u00e7a Public Library and Regional Archive at 6 p.m.<\/p>\n<p>The four sessions will be attended by the Regional Director for the Communities, Jos\u00e9 Andrade, and the leaders of the Houses of the Azores of Rio de Janeiro, Jo\u00e3o Leonardo Soares, S\u00e3o Paulo, Ant\u00f3nio Arruda, Santa Catarina, S\u00e9rgio Ferreira, Rio Grande do Sul, Viviane Peixoto Hunter, Maranh\u00e3o, Paulo Matos, and Esp\u00edrito Santo, Nino Moreira Ser\u00f4dio.<\/p>\n<p>The two sessions for the general public also include the presentation of the new book &#8220;Somos A\u00e7ores &#8211; Um arquip\u00e9lago viva pelas a\u00e7\u00f5es das Casas os A\u00e7ores no Brasil&#8221; by Brazilian journalist Igor Lopes.<\/p>\n<p>The first Azores Brazil Meeting took place in October 2021 in\u00a0Ponta Delgada. The following five editions were held in Angra do Hero\u00edsmo (March 2022), Rio de Janeiro (July 2022), Florian\u00f3polis (December 2023), Ponta Delgada (May 2024) and Rio de Janeiro (September 2024), in association with other events.<\/p>\n<p>Brazil was the first destination for Azorean emigration and Brazilians are the largest immigrant community in the Azores.<\/p>\n<p>With the organisation of the Azores Brazil Meetings, the Regional Government aims to consolidate and promote the social, cultural and economic ties between the Region and the communities of Azorean descent in Brazil.<\/p>\n","protected":false},"excerpt":{"rendered":"<p>The Regional Secretariat for Parliamentary Affairs and Communities, through the Regional Directorate for the Communities, is promoting another edition of the Azores Brazil Meeting, this time on the islands of Pico and Faial on October 14 and 15. The seventh edition of this initiative aims to boost the special historical relations between the Azores and [&hellip;]<\/p>\n","protected":false},"author":3,"featured_media":4795,"comment_status":"closed","ping_status":"closed","sticky":false,"template":"","format":"standard","meta":[],"categories":[32],"tags":[],"yoast_head":"<!-- This site is optimized with the Yoast SEO plugin v17.3 - https:\/\/yoast.com\/wordpress\/plugins\/seo\/ -->\n<title>Azores Brazil meeting reaches Pico and Faial - Portal da A\u00e7orianidade - plataforma com os sites geridos pela Vice Presid\u00eancia do Governo<\/title>\n<meta name=\"robots\" content=\"index, follow, max-snippet:-1, max-image-preview:large, max-video-preview:-1\" \/>\n<link rel=\"canonical\" href=\"https:\/\/portaldaacorianidade.azores.gov.pt\/en\/azores-brazil-meeting-reaches-pico-and-faial\/\" \/>\n<meta property=\"og:locale\" content=\"en_US\" \/>\n<meta property=\"og:type\" content=\"article\" \/>\n<meta property=\"og:title\" content=\"Azores Brazil meeting reaches Pico and Faial - Portal da A\u00e7orianidade - plataforma com os sites geridos pela Vice Presid\u00eancia do Governo\" \/>\n<meta property=\"og:description\" content=\"The Regional Secretariat for Parliamentary Affairs and Communities, through the Regional Directorate for the Communities, is promoting another edition of the Azores Brazil Meeting, this time on the islands of Pico and Faial on October 14 and 15. The seventh edition of this initiative aims to boost the special historical relations between the Azores and [&hellip;]\" \/>\n<meta property=\"og:url\" content=\"https:\/\/portaldaacorianidade.azores.gov.pt\/en\/azores-brazil-meeting-reaches-pico-and-faial\/\" \/>\n<meta property=\"og:site_name\" content=\"Portal da A\u00e7orianidade - plataforma com os sites geridos pela Vice Presid\u00eancia do Governo\" \/>\n<meta property=\"article:published_time\" content=\"2024-10-24T11:35:56+00:00\" \/>\n<meta property=\"article:modified_time\" content=\"2024-11-08T16:31:47+00:00\" \/>\n<meta property=\"og:image\" content=\"https:\/\/portaldaacorianidade.azores.gov.pt\/wp-content\/uploads\/2024\/10\/VII-pico_faial.png\" \/>\n\t<meta property=\"og:image:width\" content=\"1845\" \/>\n\t<meta property=\"og:image:height\" content=\"702\" \/>\n<meta name=\"twitter:card\" content=\"summary_large_image\" \/>\n<meta name=\"twitter:label1\" content=\"Written by\" \/>\n\t<meta name=\"twitter:data1\" content=\"drc\" \/>\n\t<meta name=\"twitter:label2\" content=\"Est. reading time\" \/>\n\t<meta name=\"twitter:data2\" content=\"2 minutes\" \/>\n<script type=\"application\/ld+json\" class=\"yoast-schema-graph\">{\"@context\":\"https:\/\/schema.org\",\"@graph\":[{\"@type\":\"WebSite\",\"@id\":\"https:\/\/portaldaacorianidade.azores.gov.pt\/#website\",\"url\":\"https:\/\/portaldaacorianidade.azores.gov.pt\/\",\"name\":\"Portal da A\\u00e7orianidade - plataforma com os sites geridos pela Vice Presid\\u00eancia do Governo\",\"description\":\" Plataforma os v\\u00e1rios sites geridos pela Vice-Presid\\u00eancia do Governo dos A\\u00e7ores, atrav\\u00e9s da Dire\\u00e7\\u00e3o Regional das Comunidades\",\"potentialAction\":[{\"@type\":\"SearchAction\",\"target\":{\"@type\":\"EntryPoint\",\"urlTemplate\":\"https:\/\/portaldaacorianidade.azores.gov.pt\/?s={search_term_string}\"},\"query-input\":\"required name=search_term_string\"}],\"inLanguage\":\"en-US\"},{\"@type\":\"ImageObject\",\"@id\":\"https:\/\/portaldaacorianidade.azores.gov.pt\/en\/azores-brazil-meeting-reaches-pico-and-faial\/#primaryimage\",\"inLanguage\":\"en-US\",\"url\":\"https:\/\/portaldaacorianidade.azores.gov.pt\/wp-content\/uploads\/2024\/10\/VII-pico_faial.png\",\"contentUrl\":\"https:\/\/portaldaacorianidade.azores.gov.pt\/wp-content\/uploads\/2024\/10\/VII-pico_faial.png\",\"width\":1845,\"height\":702},{\"@type\":\"WebPage\",\"@id\":\"https:\/\/portaldaacorianidade.azores.gov.pt\/en\/azores-brazil-meeting-reaches-pico-and-faial\/#webpage\",\"url\":\"https:\/\/portaldaacorianidade.azores.gov.pt\/en\/azores-brazil-meeting-reaches-pico-and-faial\/\",\"name\":\"Azores Brazil meeting reaches Pico and Faial - Portal da A\\u00e7orianidade - plataforma com os sites geridos pela Vice Presid\\u00eancia do Governo\",\"isPartOf\":{\"@id\":\"https:\/\/portaldaacorianidade.azores.gov.pt\/#website\"},\"primaryImageOfPage\":{\"@id\":\"https:\/\/portaldaacorianidade.azores.gov.pt\/en\/azores-brazil-meeting-reaches-pico-and-faial\/#primaryimage\"},\"datePublished\":\"2024-10-24T11:35:56+00:00\",\"dateModified\":\"2024-11-08T16:31:47+00:00\",\"author\":{\"@id\":\"https:\/\/portaldaacorianidade.azores.gov.pt\/#\/schema\/person\/30f08a4a879b417fb08758cfe32fa2b7\"},\"breadcrumb\":{\"@id\":\"https:\/\/portaldaacorianidade.azores.gov.pt\/en\/azores-brazil-meeting-reaches-pico-and-faial\/#breadcrumb\"},\"inLanguage\":\"en-US\",\"potentialAction\":[{\"@type\":\"ReadAction\",\"target\":[\"https:\/\/portaldaacorianidade.azores.gov.pt\/en\/azores-brazil-meeting-reaches-pico-and-faial\/\"]}]},{\"@type\":\"BreadcrumbList\",\"@id\":\"https:\/\/portaldaacorianidade.azores.gov.pt\/en\/azores-brazil-meeting-reaches-pico-and-faial\/#breadcrumb\",\"itemListElement\":[{\"@type\":\"ListItem\",\"position\":1,\"name\":\"Azores Brazil meeting reaches Pico and Faial\"}]},{\"@type\":\"Person\",\"@id\":\"https:\/\/portaldaacorianidade.azores.gov.pt\/#\/schema\/person\/30f08a4a879b417fb08758cfe32fa2b7\",\"name\":\"drc\",\"image\":{\"@type\":\"ImageObject\",\"@id\":\"https:\/\/portaldaacorianidade.azores.gov.pt\/#personlogo\",\"inLanguage\":\"en-US\",\"url\":\"https:\/\/secure.gravatar.com\/avatar\/228c5f796e635a16246d2001595092bb?s=96&d=mm&r=g\",\"contentUrl\":\"https:\/\/secure.gravatar.com\/avatar\/228c5f796e635a16246d2001595092bb?s=96&d=mm&r=g\",\"caption\":\"drc\"},\"url\":\"https:\/\/portaldaacorianidade.azores.gov.pt\/en\/author\/drc\/\"}]}<\/script>\n<!-- \/ Yoast SEO plugin. -->","yoast_head_json":{"title":"Azores Brazil meeting reaches Pico and Faial - Portal da A\u00e7orianidade - plataforma com os sites geridos pela Vice Presid\u00eancia do Governo","robots":{"index":"index","follow":"follow","max-snippet":"max-snippet:-1","max-image-preview":"max-image-preview:large","max-video-preview":"max-video-preview:-1"},"canonical":"https:\/\/portaldaacorianidade.azores.gov.pt\/en\/azores-brazil-meeting-reaches-pico-and-faial\/","og_locale":"en_US","og_type":"article","og_title":"Azores Brazil meeting reaches Pico and Faial - Portal da A\u00e7orianidade - plataforma com os sites geridos pela Vice Presid\u00eancia do Governo","og_description":"The Regional Secretariat for Parliamentary Affairs and Communities, through the Regional Directorate for the Communities, is promoting another edition of the Azores Brazil Meeting, this time on the islands of Pico and Faial on October 14 and 15. The seventh edition of this initiative aims to boost the special historical relations between the Azores and [&hellip;]","og_url":"https:\/\/portaldaacorianidade.azores.gov.pt\/en\/azores-brazil-meeting-reaches-pico-and-faial\/","og_site_name":"Portal da A\u00e7orianidade - plataforma com os sites geridos pela Vice Presid\u00eancia do Governo","article_published_time":"2024-10-24T11:35:56+00:00","article_modified_time":"2024-11-08T16:31:47+00:00","og_image":[{"width":1845,"height":702,"url":"https:\/\/portaldaacorianidade.azores.gov.pt\/wp-content\/uploads\/2024\/10\/VII-pico_faial.png","type":"image\/png"}],"twitter_card":"summary_large_image","twitter_misc":{"Written by":"drc","Est. reading time":"2 minutes"},"schema":{"@context":"https:\/\/schema.org","@graph":[{"@type":"WebSite","@id":"https:\/\/portaldaacorianidade.azores.gov.pt\/#website","url":"https:\/\/portaldaacorianidade.azores.gov.pt\/","name":"Portal da A\u00e7orianidade - plataforma com os sites geridos pela Vice Presid\u00eancia do Governo","description":" Plataforma os v\u00e1rios sites geridos pela Vice-Presid\u00eancia do Governo dos A\u00e7ores, atrav\u00e9s da Dire\u00e7\u00e3o Regional das Comunidades","potentialAction":[{"@type":"SearchAction","target":{"@type":"EntryPoint","urlTemplate":"https:\/\/portaldaacorianidade.azores.gov.pt\/?s={search_term_string}"},"query-input":"required name=search_term_string"}],"inLanguage":"en-US"},{"@type":"ImageObject","@id":"https:\/\/portaldaacorianidade.azores.gov.pt\/en\/azores-brazil-meeting-reaches-pico-and-faial\/#primaryimage","inLanguage":"en-US","url":"https:\/\/portaldaacorianidade.azores.gov.pt\/wp-content\/uploads\/2024\/10\/VII-pico_faial.png","contentUrl":"https:\/\/portaldaacorianidade.azores.gov.pt\/wp-content\/uploads\/2024\/10\/VII-pico_faial.png","width":1845,"height":702},{"@type":"WebPage","@id":"https:\/\/portaldaacorianidade.azores.gov.pt\/en\/azores-brazil-meeting-reaches-pico-and-faial\/#webpage","url":"https:\/\/portaldaacorianidade.azores.gov.pt\/en\/azores-brazil-meeting-reaches-pico-and-faial\/","name":"Azores Brazil meeting reaches Pico and Faial - Portal da A\u00e7orianidade - plataforma com os sites geridos pela Vice Presid\u00eancia do Governo","isPartOf":{"@id":"https:\/\/portaldaacorianidade.azores.gov.pt\/#website"},"primaryImageOfPage":{"@id":"https:\/\/portaldaacorianidade.azores.gov.pt\/en\/azores-brazil-meeting-reaches-pico-and-faial\/#primaryimage"},"datePublished":"2024-10-24T11:35:56+00:00","dateModified":"2024-11-08T16:31:47+00:00","author":{"@id":"https:\/\/portaldaacorianidade.azores.gov.pt\/#\/schema\/person\/30f08a4a879b417fb08758cfe32fa2b7"},"breadcrumb":{"@id":"https:\/\/portaldaacorianidade.azores.gov.pt\/en\/azores-brazil-meeting-reaches-pico-and-faial\/#breadcrumb"},"inLanguage":"en-US","potentialAction":[{"@type":"ReadAction","target":["https:\/\/portaldaacorianidade.azores.gov.pt\/en\/azores-brazil-meeting-reaches-pico-and-faial\/"]}]},{"@type":"BreadcrumbList","@id":"https:\/\/portaldaacorianidade.azores.gov.pt\/en\/azores-brazil-meeting-reaches-pico-and-faial\/#breadcrumb","itemListElement":[{"@type":"ListItem","position":1,"name":"Azores Brazil meeting reaches Pico and Faial"}]},{"@type":"Person","@id":"https:\/\/portaldaacorianidade.azores.gov.pt\/#\/schema\/person\/30f08a4a879b417fb08758cfe32fa2b7","name":"drc","image":{"@type":"ImageObject","@id":"https:\/\/portaldaacorianidade.azores.gov.pt\/#personlogo","inLanguage":"en-US","url":"https:\/\/secure.gravatar.com\/avatar\/228c5f796e635a16246d2001595092bb?s=96&d=mm&r=g","contentUrl":"https:\/\/secure.gravatar.com\/avatar\/228c5f796e635a16246d2001595092bb?s=96&d=mm&r=g","caption":"drc"},"url":"https:\/\/portaldaacorianidade.azores.gov.pt\/en\/author\/drc\/"}]}},"_links":{"self":[{"href":"https:\/\/portaldaacorianidade.azores.gov.pt\/en\/wp-json\/wp\/v2\/posts\/4808"}],"collection":[{"href":"https:\/\/portaldaacorianidade.azores.gov.pt\/en\/wp-json\/wp\/v2\/posts"}],"about":[{"href":"https:\/\/portaldaacorianidade.azores.gov.pt\/en\/wp-json\/wp\/v2\/types\/post"}],"author":[{"embeddable":true,"href":"https:\/\/portaldaacorianidade.azores.gov.pt\/en\/wp-json\/wp\/v2\/users\/3"}],"replies":[{"embeddable":true,"href":"https:\/\/portaldaacorianidade.azores.gov.pt\/en\/wp-json\/wp\/v2\/comments?post=4808"}],"version-history":[{"count":1,"href":"https:\/\/portaldaacorianidade.azores.gov.pt\/en\/wp-json\/wp\/v2\/posts\/4808\/revisions"}],"predecessor-version":[{"id":4809,"href":"https:\/\/portaldaacorianidade.azores.gov.pt\/en\/wp-json\/wp\/v2\/posts\/4808\/revisions\/4809"}],"wp:featuredmedia":[{"embeddable":true,"href":"https:\/\/portaldaacorianidade.azores.gov.pt\/en\/wp-json\/wp\/v2\/media\/4795"}],"wp:attachment":[{"href":"https:\/\/portaldaacorianidade.azores.gov.pt\/en\/wp-json\/wp\/v2\/media?parent=4808"}],"wp:term":[{"taxonomy":"category","embeddable":true,"href":"https:\/\/portaldaacorianidade.azores.gov.pt\/en\/wp-json\/wp\/v2\/categories?post=4808"},{"taxonomy":"post_tag","embeddable":true,"href":"https:\/\/portaldaacorianidade.azores.gov.pt\/en\/wp-json\/wp\/v2\/tags?post=4808"}],"curies":[{"name":"wp","href":"https:\/\/api.w.org\/{rel}","templated":true}]}}