{"id":4800,"date":"2024-10-24T11:31:45","date_gmt":"2024-10-24T11:31:45","guid":{"rendered":"https:\/\/portaldaacorianidade.azores.gov.pt\/?p=4800"},"modified":"2024-10-24T12:12:10","modified_gmt":"2024-10-24T12:12:10","slug":"young-leaders-from-the-diaspora-visit-the-azores","status":"publish","type":"post","link":"https:\/\/portaldaacorianidade.azores.gov.pt\/en\/young-leaders-from-the-diaspora-visit-the-azores\/","title":{"rendered":"Young leaders from the diaspora visit the Azores"},"content":{"rendered":"<p>A group of 11 young community leaders from the Azorean diaspora will travel to the Azores from October 6 to 13 to visit the islands of S\u00e3o Miguel, Terceira and S\u00e3o Jorge. The initiative is organised by the Regional Secretariat for Parliamentary Affairs and Communities, through the Regional Directorate for the Communities, in partnership with the Houses of the Azores.<\/p>\n<p>The visit includes young people of Azorean descent, aged between 18 and 35, representing the Houses of the Azores based in Bermuda, Brazil (Rio de Janeiro, S\u00e3o Paulo, Santa Catarina and Rio Grande do Sul), the United States of America (New England), Canada (Ontario, Quebec and Winnipeg), Mainland Portugal (North region) and Uruguay.<\/p>\n<p>With this initiative, the Regional Government aims to make the social, cultural and economic reality of the contemporary Azores known to the new generations of the Azorean diaspora, through the visit of a young representative from each community. It also intends to arouse interest in their roots, involving them in the rejuvenation of associations and, as such, in the continuity of the Houses of the Azores.<\/p>\n<p>The programme begins on the island of S\u00e3o Miguel on Sunday, October 6, with a welcome reception attended by the Regional Secretary for Parliamentary Affairs and Communities, Paulo Est\u00eav\u00e3o, accompanied by the Regional Director for the Communities, Jos\u00e9 Andrade.<\/p>\n<p>On the morning of the following day, October 7, the young community leaders will exchange greetings with the President of the Regional Government, Jos\u00e9 Manuel Bolieiro, at the Santana Palace, followed by a briefing at the Regional Directorate for the Communities.<\/p>\n<p>They will visit the University of the Azores and Nonagon &#8211; S\u00e3o Miguel Science and Technology Park in the afternoon.<\/p>\n<p>The second day in S\u00e3o Miguel will include visits to the Priolo Environmental Centre in Nordeste, the Ch\u00e3 da Gorreana Factory, Arquip\u00e9lago &#8211; Contemporary Arts Centre and the Azorean Emigration Museum in Ribeira Grande.<\/p>\n<p>On Wednesday, October 9, the group will visit the Angra do Hero\u00edsmo Interpretation Centre and Algar do Carv\u00e3o. The following day, they will visit the Angra do Hero\u00edsmo Museum, the Capit\u00e3es-Generais Palace, Terinov &#8211; Terceira Island Science and Technology Park and StartUP Angra &#8211; the local business incubator of the Angra de Hero\u00edsmo Municipality, as well as the city of Praia da Vit\u00f3ria.<\/p>\n<p>The visit of the young community leaders culminates with their participation in the 26th General Assembly of the World Council of Houses of the Azores, taking place in Velas on the island of S\u00e3o Jorge from October 11 to 13. This year&#8217;s event will be dedicated to the youth of the Azorean diaspora.<\/p>\n<p>The young community leaders visiting the Azores are Nilson Vieira (Bermuda), Kerry Resendes (Winnipeg), Rui Vieira da Silva Teixeira (North region), Makayla Medeiros (New England), Katherine Carvalho (Ontario), Kayla Nunes (Quebec), Stephanie Valad\u00e3o (Rio de Janeiro), Giovana Pereira (Rio Grande do Sul), Gabriella de \u00c1vila (Santa Catarina), Victor Oliveira (S\u00e3o Paulo) and Milenna De Le\u00f3n Silvera (Uruguay).<\/p>\n","protected":false},"excerpt":{"rendered":"<p>A group of 11 young community leaders from the Azorean diaspora will travel to the Azores from October 6 to 13 to visit the islands of S\u00e3o Miguel, Terceira and S\u00e3o Jorge. The initiative is organised by the Regional Secretariat for Parliamentary Affairs and Communities, through the Regional Directorate for the Communities, in partnership with [&hellip;]<\/p>\n","protected":false},"author":3,"featured_media":4779,"comment_status":"closed","ping_status":"closed","sticky":false,"template":"","format":"standard","meta":[],"categories":[32],"tags":[],"yoast_head":"<!-- This site is optimized with the Yoast SEO plugin v17.3 - https:\/\/yoast.com\/wordpress\/plugins\/seo\/ -->\n<title>Young leaders from the diaspora visit the Azores - Portal da A\u00e7orianidade - plataforma com os sites geridos pela Vice Presid\u00eancia do Governo<\/title>\n<meta name=\"robots\" content=\"index, follow, max-snippet:-1, max-image-preview:large, max-video-preview:-1\" \/>\n<link rel=\"canonical\" href=\"https:\/\/portaldaacorianidade.azores.gov.pt\/en\/young-leaders-from-the-diaspora-visit-the-azores\/\" \/>\n<meta property=\"og:locale\" content=\"en_US\" \/>\n<meta property=\"og:type\" content=\"article\" \/>\n<meta property=\"og:title\" content=\"Young leaders from the diaspora visit the Azores - Portal da A\u00e7orianidade - plataforma com os sites geridos pela Vice Presid\u00eancia do Governo\" \/>\n<meta property=\"og:description\" content=\"A group of 11 young community leaders from the Azorean diaspora will travel to the Azores from October 6 to 13 to visit the islands of S\u00e3o Miguel, Terceira and S\u00e3o Jorge. The initiative is organised by the Regional Secretariat for Parliamentary Affairs and Communities, through the Regional Directorate for the Communities, in partnership with [&hellip;]\" \/>\n<meta property=\"og:url\" content=\"https:\/\/portaldaacorianidade.azores.gov.pt\/en\/young-leaders-from-the-diaspora-visit-the-azores\/\" \/>\n<meta property=\"og:site_name\" content=\"Portal da A\u00e7orianidade - plataforma com os sites geridos pela Vice Presid\u00eancia do Governo\" \/>\n<meta property=\"article:published_time\" content=\"2024-10-24T11:31:45+00:00\" \/>\n<meta property=\"article:modified_time\" content=\"2024-10-24T12:12:10+00:00\" \/>\n<meta property=\"og:image\" content=\"https:\/\/portaldaacorianidade.azores.gov.pt\/wp-content\/uploads\/2024\/10\/Jovens-lideres.png\" \/>\n\t<meta property=\"og:image:width\" content=\"2153\" \/>\n\t<meta property=\"og:image:height\" content=\"819\" \/>\n<meta name=\"twitter:card\" content=\"summary_large_image\" \/>\n<meta name=\"twitter:label1\" content=\"Written by\" \/>\n\t<meta name=\"twitter:data1\" content=\"drc\" \/>\n\t<meta name=\"twitter:label2\" content=\"Est. reading time\" \/>\n\t<meta name=\"twitter:data2\" content=\"2 minutes\" \/>\n<script type=\"application\/ld+json\" class=\"yoast-schema-graph\">{\"@context\":\"https:\/\/schema.org\",\"@graph\":[{\"@type\":\"WebSite\",\"@id\":\"https:\/\/portaldaacorianidade.azores.gov.pt\/#website\",\"url\":\"https:\/\/portaldaacorianidade.azores.gov.pt\/\",\"name\":\"Portal da A\\u00e7orianidade - plataforma com os sites geridos pela Vice Presid\\u00eancia do Governo\",\"description\":\" Plataforma os v\\u00e1rios sites geridos pela Vice-Presid\\u00eancia do Governo dos A\\u00e7ores, atrav\\u00e9s da Dire\\u00e7\\u00e3o Regional das Comunidades\",\"potentialAction\":[{\"@type\":\"SearchAction\",\"target\":{\"@type\":\"EntryPoint\",\"urlTemplate\":\"https:\/\/portaldaacorianidade.azores.gov.pt\/?s={search_term_string}\"},\"query-input\":\"required name=search_term_string\"}],\"inLanguage\":\"en-US\"},{\"@type\":\"ImageObject\",\"@id\":\"https:\/\/portaldaacorianidade.azores.gov.pt\/en\/young-leaders-from-the-diaspora-visit-the-azores\/#primaryimage\",\"inLanguage\":\"en-US\",\"url\":\"https:\/\/portaldaacorianidade.azores.gov.pt\/wp-content\/uploads\/2024\/10\/Jovens-lideres.png\",\"contentUrl\":\"https:\/\/portaldaacorianidade.azores.gov.pt\/wp-content\/uploads\/2024\/10\/Jovens-lideres.png\",\"width\":2153,\"height\":819},{\"@type\":\"WebPage\",\"@id\":\"https:\/\/portaldaacorianidade.azores.gov.pt\/en\/young-leaders-from-the-diaspora-visit-the-azores\/#webpage\",\"url\":\"https:\/\/portaldaacorianidade.azores.gov.pt\/en\/young-leaders-from-the-diaspora-visit-the-azores\/\",\"name\":\"Young leaders from the diaspora visit the Azores - Portal da A\\u00e7orianidade - plataforma com os sites geridos pela Vice Presid\\u00eancia do Governo\",\"isPartOf\":{\"@id\":\"https:\/\/portaldaacorianidade.azores.gov.pt\/#website\"},\"primaryImageOfPage\":{\"@id\":\"https:\/\/portaldaacorianidade.azores.gov.pt\/en\/young-leaders-from-the-diaspora-visit-the-azores\/#primaryimage\"},\"datePublished\":\"2024-10-24T11:31:45+00:00\",\"dateModified\":\"2024-10-24T12:12:10+00:00\",\"author\":{\"@id\":\"https:\/\/portaldaacorianidade.azores.gov.pt\/#\/schema\/person\/30f08a4a879b417fb08758cfe32fa2b7\"},\"breadcrumb\":{\"@id\":\"https:\/\/portaldaacorianidade.azores.gov.pt\/en\/young-leaders-from-the-diaspora-visit-the-azores\/#breadcrumb\"},\"inLanguage\":\"en-US\",\"potentialAction\":[{\"@type\":\"ReadAction\",\"target\":[\"https:\/\/portaldaacorianidade.azores.gov.pt\/en\/young-leaders-from-the-diaspora-visit-the-azores\/\"]}]},{\"@type\":\"BreadcrumbList\",\"@id\":\"https:\/\/portaldaacorianidade.azores.gov.pt\/en\/young-leaders-from-the-diaspora-visit-the-azores\/#breadcrumb\",\"itemListElement\":[{\"@type\":\"ListItem\",\"position\":1,\"name\":\"Young leaders from the diaspora visit the Azores\"}]},{\"@type\":\"Person\",\"@id\":\"https:\/\/portaldaacorianidade.azores.gov.pt\/#\/schema\/person\/30f08a4a879b417fb08758cfe32fa2b7\",\"name\":\"drc\",\"image\":{\"@type\":\"ImageObject\",\"@id\":\"https:\/\/portaldaacorianidade.azores.gov.pt\/#personlogo\",\"inLanguage\":\"en-US\",\"url\":\"https:\/\/secure.gravatar.com\/avatar\/228c5f796e635a16246d2001595092bb?s=96&d=mm&r=g\",\"contentUrl\":\"https:\/\/secure.gravatar.com\/avatar\/228c5f796e635a16246d2001595092bb?s=96&d=mm&r=g\",\"caption\":\"drc\"},\"url\":\"https:\/\/portaldaacorianidade.azores.gov.pt\/en\/author\/drc\/\"}]}<\/script>\n<!-- \/ Yoast SEO plugin. -->","yoast_head_json":{"title":"Young leaders from the diaspora visit the Azores - Portal da A\u00e7orianidade - plataforma com os sites geridos pela Vice Presid\u00eancia do Governo","robots":{"index":"index","follow":"follow","max-snippet":"max-snippet:-1","max-image-preview":"max-image-preview:large","max-video-preview":"max-video-preview:-1"},"canonical":"https:\/\/portaldaacorianidade.azores.gov.pt\/en\/young-leaders-from-the-diaspora-visit-the-azores\/","og_locale":"en_US","og_type":"article","og_title":"Young leaders from the diaspora visit the Azores - Portal da A\u00e7orianidade - plataforma com os sites geridos pela Vice Presid\u00eancia do Governo","og_description":"A group of 11 young community leaders from the Azorean diaspora will travel to the Azores from October 6 to 13 to visit the islands of S\u00e3o Miguel, Terceira and S\u00e3o Jorge. The initiative is organised by the Regional Secretariat for Parliamentary Affairs and Communities, through the Regional Directorate for the Communities, in partnership with [&hellip;]","og_url":"https:\/\/portaldaacorianidade.azores.gov.pt\/en\/young-leaders-from-the-diaspora-visit-the-azores\/","og_site_name":"Portal da A\u00e7orianidade - plataforma com os sites geridos pela Vice Presid\u00eancia do Governo","article_published_time":"2024-10-24T11:31:45+00:00","article_modified_time":"2024-10-24T12:12:10+00:00","og_image":[{"width":2153,"height":819,"url":"https:\/\/portaldaacorianidade.azores.gov.pt\/wp-content\/uploads\/2024\/10\/Jovens-lideres.png","type":"image\/png"}],"twitter_card":"summary_large_image","twitter_misc":{"Written by":"drc","Est. reading time":"2 minutes"},"schema":{"@context":"https:\/\/schema.org","@graph":[{"@type":"WebSite","@id":"https:\/\/portaldaacorianidade.azores.gov.pt\/#website","url":"https:\/\/portaldaacorianidade.azores.gov.pt\/","name":"Portal da A\u00e7orianidade - plataforma com os sites geridos pela Vice Presid\u00eancia do Governo","description":" Plataforma os v\u00e1rios sites geridos pela Vice-Presid\u00eancia do Governo dos A\u00e7ores, atrav\u00e9s da Dire\u00e7\u00e3o Regional das Comunidades","potentialAction":[{"@type":"SearchAction","target":{"@type":"EntryPoint","urlTemplate":"https:\/\/portaldaacorianidade.azores.gov.pt\/?s={search_term_string}"},"query-input":"required name=search_term_string"}],"inLanguage":"en-US"},{"@type":"ImageObject","@id":"https:\/\/portaldaacorianidade.azores.gov.pt\/en\/young-leaders-from-the-diaspora-visit-the-azores\/#primaryimage","inLanguage":"en-US","url":"https:\/\/portaldaacorianidade.azores.gov.pt\/wp-content\/uploads\/2024\/10\/Jovens-lideres.png","contentUrl":"https:\/\/portaldaacorianidade.azores.gov.pt\/wp-content\/uploads\/2024\/10\/Jovens-lideres.png","width":2153,"height":819},{"@type":"WebPage","@id":"https:\/\/portaldaacorianidade.azores.gov.pt\/en\/young-leaders-from-the-diaspora-visit-the-azores\/#webpage","url":"https:\/\/portaldaacorianidade.azores.gov.pt\/en\/young-leaders-from-the-diaspora-visit-the-azores\/","name":"Young leaders from the diaspora visit the Azores - Portal da A\u00e7orianidade - plataforma com os sites geridos pela Vice Presid\u00eancia do Governo","isPartOf":{"@id":"https:\/\/portaldaacorianidade.azores.gov.pt\/#website"},"primaryImageOfPage":{"@id":"https:\/\/portaldaacorianidade.azores.gov.pt\/en\/young-leaders-from-the-diaspora-visit-the-azores\/#primaryimage"},"datePublished":"2024-10-24T11:31:45+00:00","dateModified":"2024-10-24T12:12:10+00:00","author":{"@id":"https:\/\/portaldaacorianidade.azores.gov.pt\/#\/schema\/person\/30f08a4a879b417fb08758cfe32fa2b7"},"breadcrumb":{"@id":"https:\/\/portaldaacorianidade.azores.gov.pt\/en\/young-leaders-from-the-diaspora-visit-the-azores\/#breadcrumb"},"inLanguage":"en-US","potentialAction":[{"@type":"ReadAction","target":["https:\/\/portaldaacorianidade.azores.gov.pt\/en\/young-leaders-from-the-diaspora-visit-the-azores\/"]}]},{"@type":"BreadcrumbList","@id":"https:\/\/portaldaacorianidade.azores.gov.pt\/en\/young-leaders-from-the-diaspora-visit-the-azores\/#breadcrumb","itemListElement":[{"@type":"ListItem","position":1,"name":"Young leaders from the diaspora visit the Azores"}]},{"@type":"Person","@id":"https:\/\/portaldaacorianidade.azores.gov.pt\/#\/schema\/person\/30f08a4a879b417fb08758cfe32fa2b7","name":"drc","image":{"@type":"ImageObject","@id":"https:\/\/portaldaacorianidade.azores.gov.pt\/#personlogo","inLanguage":"en-US","url":"https:\/\/secure.gravatar.com\/avatar\/228c5f796e635a16246d2001595092bb?s=96&d=mm&r=g","contentUrl":"https:\/\/secure.gravatar.com\/avatar\/228c5f796e635a16246d2001595092bb?s=96&d=mm&r=g","caption":"drc"},"url":"https:\/\/portaldaacorianidade.azores.gov.pt\/en\/author\/drc\/"}]}},"_links":{"self":[{"href":"https:\/\/portaldaacorianidade.azores.gov.pt\/en\/wp-json\/wp\/v2\/posts\/4800"}],"collection":[{"href":"https:\/\/portaldaacorianidade.azores.gov.pt\/en\/wp-json\/wp\/v2\/posts"}],"about":[{"href":"https:\/\/portaldaacorianidade.azores.gov.pt\/en\/wp-json\/wp\/v2\/types\/post"}],"author":[{"embeddable":true,"href":"https:\/\/portaldaacorianidade.azores.gov.pt\/en\/wp-json\/wp\/v2\/users\/3"}],"replies":[{"embeddable":true,"href":"https:\/\/portaldaacorianidade.azores.gov.pt\/en\/wp-json\/wp\/v2\/comments?post=4800"}],"version-history":[{"count":1,"href":"https:\/\/portaldaacorianidade.azores.gov.pt\/en\/wp-json\/wp\/v2\/posts\/4800\/revisions"}],"predecessor-version":[{"id":4801,"href":"https:\/\/portaldaacorianidade.azores.gov.pt\/en\/wp-json\/wp\/v2\/posts\/4800\/revisions\/4801"}],"wp:featuredmedia":[{"embeddable":true,"href":"https:\/\/portaldaacorianidade.azores.gov.pt\/en\/wp-json\/wp\/v2\/media\/4779"}],"wp:attachment":[{"href":"https:\/\/portaldaacorianidade.azores.gov.pt\/en\/wp-json\/wp\/v2\/media?parent=4800"}],"wp:term":[{"taxonomy":"category","embeddable":true,"href":"https:\/\/portaldaacorianidade.azores.gov.pt\/en\/wp-json\/wp\/v2\/categories?post=4800"},{"taxonomy":"post_tag","embeddable":true,"href":"https:\/\/portaldaacorianidade.azores.gov.pt\/en\/wp-json\/wp\/v2\/tags?post=4800"}],"curies":[{"name":"wp","href":"https:\/\/api.w.org\/{rel}","templated":true}]}}