{"id":4716,"date":"2024-06-26T12:42:40","date_gmt":"2024-06-26T12:42:40","guid":{"rendered":"https:\/\/portaldaacorianidade.azores.gov.pt\/?p=4716"},"modified":"2024-06-26T12:42:40","modified_gmt":"2024-06-26T12:42:40","slug":"webinar-discusses-challenges-to-social-work-organisations-in-azorean-communities-of-north-america","status":"publish","type":"post","link":"https:\/\/portaldaacorianidade.azores.gov.pt\/en\/webinar-discusses-challenges-to-social-work-organisations-in-azorean-communities-of-north-america\/","title":{"rendered":"Webinar discusses challenges to social work organisations in Azorean communities of North America"},"content":{"rendered":"<p>The Regional Secretariat for Parliamentary Affairs and Communities, through the Regional Directorate for the Communities, is promoting a webinar on &#8220;Challenges and responses of social service organisations in Canada and the United States of America to the new profiles of Azorean communities&#8221; next Thursday, June 20.<\/p>\n<p>This webinar involves the participation of 10 social work organisations serving Azorean communities in North America, with which the Azorean Government maintains annual financial cooperation protocols.<\/p>\n<p>The full broadcast can be followed via the &#8220;Azorean Communities&#8221; page on Facebook, starting at 3 pm in the Azores, 11 am in Boston or Toronto and 8 am in California.<\/p>\n<p>The opening speech will be delivered by the Regional Secretary for Parliamentary Affairs and Communities, Paulo Est\u00eav\u00e3o, and the panels will be moderated by the Regional Director for the Communities, Jos\u00e9 Andrade.<\/p>\n<p>The first panel, from 3 pm to 4 pm ( Azores time), is dedicated to organisations based in Canada and will feature Abrigo Centre (Toronto, Ontario), Working Women Community Centre (Toronto, Ontario), \u00a0Centre d&#8217;Action socio-communautaire (Montreal, Quebec) and Portuguese Support Services for Quality Living\/Luso Canadian Charitable Society (Hamilton, Ontario).<\/p>\n<p>The second panel, from 4 pm to 5 pm in the Azores, will give voice to organisations from the United States of America, namely Catholic Social Services (Fall River, Massachusetts), Immigrants Assistance Centre (New Bedford, Massachusetts), MAPS &#8211; Massachusetts Alliance of Portuguese Speakers (Cambridge, Massachusetts), P.O.S.S.O &#8211; Portuguese Organization for Services and Opportunities (San Jose, California), Ser-Jobs for Progress (Fall River, Massachusetts) and VALER &#8211; Valley Area Living Enabling Resources (Turlock, California).<\/p>\n<p>This initiative aims to be a space for reflection and sharing on the practices, experiences and difficulties experienced by the organisations that make up the International Network of Social Service Organisations in the face of the new profiles of the Azorean communities in their geographical areas of intervention.<\/p>\n<p>Acknowledging the important role of these organisations in helping, supporting and integrating Azorean emigrants into their host societies, the Regional Government has promoted support for their activities through annual financial cooperation protocols.<\/p>\n","protected":false},"excerpt":{"rendered":"<p>The Regional Secretariat for Parliamentary Affairs and Communities, through the Regional Directorate for the Communities, is promoting a webinar on &#8220;Challenges and responses of social service organisations in Canada and the United States of America to the new profiles of Azorean communities&#8221; next Thursday, June 20. This webinar involves the participation of 10 social work [&hellip;]<\/p>\n","protected":false},"author":3,"featured_media":4714,"comment_status":"closed","ping_status":"closed","sticky":false,"template":"","format":"standard","meta":[],"categories":[32],"tags":[],"yoast_head":"<!-- This site is optimized with the Yoast SEO plugin v17.3 - https:\/\/yoast.com\/wordpress\/plugins\/seo\/ -->\n<title>Webinar discusses challenges to social work organisations in Azorean communities of North America - Portal da A\u00e7orianidade - plataforma com os sites geridos pela Vice Presid\u00eancia do Governo<\/title>\n<meta name=\"robots\" content=\"index, follow, max-snippet:-1, max-image-preview:large, max-video-preview:-1\" \/>\n<link rel=\"canonical\" href=\"https:\/\/portaldaacorianidade.azores.gov.pt\/en\/webinar-discusses-challenges-to-social-work-organisations-in-azorean-communities-of-north-america\/\" \/>\n<meta property=\"og:locale\" content=\"en_US\" \/>\n<meta property=\"og:type\" content=\"article\" \/>\n<meta property=\"og:title\" content=\"Webinar discusses challenges to social work organisations in Azorean communities of North America - Portal da A\u00e7orianidade - plataforma com os sites geridos pela Vice Presid\u00eancia do Governo\" \/>\n<meta property=\"og:description\" content=\"The Regional Secretariat for Parliamentary Affairs and Communities, through the Regional Directorate for the Communities, is promoting a webinar on &#8220;Challenges and responses of social service organisations in Canada and the United States of America to the new profiles of Azorean communities&#8221; next Thursday, June 20. This webinar involves the participation of 10 social work [&hellip;]\" \/>\n<meta property=\"og:url\" content=\"https:\/\/portaldaacorianidade.azores.gov.pt\/en\/webinar-discusses-challenges-to-social-work-organisations-in-azorean-communities-of-north-america\/\" \/>\n<meta property=\"og:site_name\" content=\"Portal da A\u00e7orianidade - plataforma com os sites geridos pela Vice Presid\u00eancia do Governo\" \/>\n<meta property=\"article:published_time\" content=\"2024-06-26T12:42:40+00:00\" \/>\n<meta property=\"og:image\" content=\"https:\/\/portaldaacorianidade.azores.gov.pt\/wp-content\/uploads\/2024\/06\/24.0445.jpg\" \/>\n\t<meta property=\"og:image:width\" content=\"2234\" \/>\n\t<meta property=\"og:image:height\" content=\"827\" \/>\n<meta name=\"twitter:card\" content=\"summary_large_image\" \/>\n<meta name=\"twitter:label1\" content=\"Written by\" \/>\n\t<meta name=\"twitter:data1\" content=\"drc\" \/>\n\t<meta name=\"twitter:label2\" content=\"Est. reading time\" \/>\n\t<meta name=\"twitter:data2\" content=\"2 minutes\" \/>\n<script type=\"application\/ld+json\" class=\"yoast-schema-graph\">{\"@context\":\"https:\/\/schema.org\",\"@graph\":[{\"@type\":\"WebSite\",\"@id\":\"https:\/\/portaldaacorianidade.azores.gov.pt\/#website\",\"url\":\"https:\/\/portaldaacorianidade.azores.gov.pt\/\",\"name\":\"Portal da A\\u00e7orianidade - plataforma com os sites geridos pela Vice Presid\\u00eancia do Governo\",\"description\":\" Plataforma os v\\u00e1rios sites geridos pela Vice-Presid\\u00eancia do Governo dos A\\u00e7ores, atrav\\u00e9s da Dire\\u00e7\\u00e3o Regional das Comunidades\",\"potentialAction\":[{\"@type\":\"SearchAction\",\"target\":{\"@type\":\"EntryPoint\",\"urlTemplate\":\"https:\/\/portaldaacorianidade.azores.gov.pt\/?s={search_term_string}\"},\"query-input\":\"required name=search_term_string\"}],\"inLanguage\":\"en-US\"},{\"@type\":\"ImageObject\",\"@id\":\"https:\/\/portaldaacorianidade.azores.gov.pt\/en\/webinar-discusses-challenges-to-social-work-organisations-in-azorean-communities-of-north-america\/#primaryimage\",\"inLanguage\":\"en-US\",\"url\":\"https:\/\/portaldaacorianidade.azores.gov.pt\/wp-content\/uploads\/2024\/06\/24.0445.jpg\",\"contentUrl\":\"https:\/\/portaldaacorianidade.azores.gov.pt\/wp-content\/uploads\/2024\/06\/24.0445.jpg\",\"width\":2234,\"height\":827},{\"@type\":\"WebPage\",\"@id\":\"https:\/\/portaldaacorianidade.azores.gov.pt\/en\/webinar-discusses-challenges-to-social-work-organisations-in-azorean-communities-of-north-america\/#webpage\",\"url\":\"https:\/\/portaldaacorianidade.azores.gov.pt\/en\/webinar-discusses-challenges-to-social-work-organisations-in-azorean-communities-of-north-america\/\",\"name\":\"Webinar discusses challenges to social work organisations in Azorean communities of North America - Portal da A\\u00e7orianidade - plataforma com os sites geridos pela Vice Presid\\u00eancia do Governo\",\"isPartOf\":{\"@id\":\"https:\/\/portaldaacorianidade.azores.gov.pt\/#website\"},\"primaryImageOfPage\":{\"@id\":\"https:\/\/portaldaacorianidade.azores.gov.pt\/en\/webinar-discusses-challenges-to-social-work-organisations-in-azorean-communities-of-north-america\/#primaryimage\"},\"datePublished\":\"2024-06-26T12:42:40+00:00\",\"dateModified\":\"2024-06-26T12:42:40+00:00\",\"author\":{\"@id\":\"https:\/\/portaldaacorianidade.azores.gov.pt\/#\/schema\/person\/30f08a4a879b417fb08758cfe32fa2b7\"},\"breadcrumb\":{\"@id\":\"https:\/\/portaldaacorianidade.azores.gov.pt\/en\/webinar-discusses-challenges-to-social-work-organisations-in-azorean-communities-of-north-america\/#breadcrumb\"},\"inLanguage\":\"en-US\",\"potentialAction\":[{\"@type\":\"ReadAction\",\"target\":[\"https:\/\/portaldaacorianidade.azores.gov.pt\/en\/webinar-discusses-challenges-to-social-work-organisations-in-azorean-communities-of-north-america\/\"]}]},{\"@type\":\"BreadcrumbList\",\"@id\":\"https:\/\/portaldaacorianidade.azores.gov.pt\/en\/webinar-discusses-challenges-to-social-work-organisations-in-azorean-communities-of-north-america\/#breadcrumb\",\"itemListElement\":[{\"@type\":\"ListItem\",\"position\":1,\"name\":\"Webinar discusses challenges to social work organisations in Azorean communities of North America\"}]},{\"@type\":\"Person\",\"@id\":\"https:\/\/portaldaacorianidade.azores.gov.pt\/#\/schema\/person\/30f08a4a879b417fb08758cfe32fa2b7\",\"name\":\"drc\",\"image\":{\"@type\":\"ImageObject\",\"@id\":\"https:\/\/portaldaacorianidade.azores.gov.pt\/#personlogo\",\"inLanguage\":\"en-US\",\"url\":\"https:\/\/secure.gravatar.com\/avatar\/228c5f796e635a16246d2001595092bb?s=96&d=mm&r=g\",\"contentUrl\":\"https:\/\/secure.gravatar.com\/avatar\/228c5f796e635a16246d2001595092bb?s=96&d=mm&r=g\",\"caption\":\"drc\"},\"url\":\"https:\/\/portaldaacorianidade.azores.gov.pt\/en\/author\/drc\/\"}]}<\/script>\n<!-- \/ Yoast SEO plugin. -->","yoast_head_json":{"title":"Webinar discusses challenges to social work organisations in Azorean communities of North America - Portal da A\u00e7orianidade - plataforma com os sites geridos pela Vice Presid\u00eancia do Governo","robots":{"index":"index","follow":"follow","max-snippet":"max-snippet:-1","max-image-preview":"max-image-preview:large","max-video-preview":"max-video-preview:-1"},"canonical":"https:\/\/portaldaacorianidade.azores.gov.pt\/en\/webinar-discusses-challenges-to-social-work-organisations-in-azorean-communities-of-north-america\/","og_locale":"en_US","og_type":"article","og_title":"Webinar discusses challenges to social work organisations in Azorean communities of North America - Portal da A\u00e7orianidade - plataforma com os sites geridos pela Vice Presid\u00eancia do Governo","og_description":"The Regional Secretariat for Parliamentary Affairs and Communities, through the Regional Directorate for the Communities, is promoting a webinar on &#8220;Challenges and responses of social service organisations in Canada and the United States of America to the new profiles of Azorean communities&#8221; next Thursday, June 20. This webinar involves the participation of 10 social work [&hellip;]","og_url":"https:\/\/portaldaacorianidade.azores.gov.pt\/en\/webinar-discusses-challenges-to-social-work-organisations-in-azorean-communities-of-north-america\/","og_site_name":"Portal da A\u00e7orianidade - plataforma com os sites geridos pela Vice Presid\u00eancia do Governo","article_published_time":"2024-06-26T12:42:40+00:00","og_image":[{"width":2234,"height":827,"url":"https:\/\/portaldaacorianidade.azores.gov.pt\/wp-content\/uploads\/2024\/06\/24.0445.jpg","type":"image\/jpeg"}],"twitter_card":"summary_large_image","twitter_misc":{"Written by":"drc","Est. reading time":"2 minutes"},"schema":{"@context":"https:\/\/schema.org","@graph":[{"@type":"WebSite","@id":"https:\/\/portaldaacorianidade.azores.gov.pt\/#website","url":"https:\/\/portaldaacorianidade.azores.gov.pt\/","name":"Portal da A\u00e7orianidade - plataforma com os sites geridos pela Vice Presid\u00eancia do Governo","description":" Plataforma os v\u00e1rios sites geridos pela Vice-Presid\u00eancia do Governo dos A\u00e7ores, atrav\u00e9s da Dire\u00e7\u00e3o Regional das Comunidades","potentialAction":[{"@type":"SearchAction","target":{"@type":"EntryPoint","urlTemplate":"https:\/\/portaldaacorianidade.azores.gov.pt\/?s={search_term_string}"},"query-input":"required name=search_term_string"}],"inLanguage":"en-US"},{"@type":"ImageObject","@id":"https:\/\/portaldaacorianidade.azores.gov.pt\/en\/webinar-discusses-challenges-to-social-work-organisations-in-azorean-communities-of-north-america\/#primaryimage","inLanguage":"en-US","url":"https:\/\/portaldaacorianidade.azores.gov.pt\/wp-content\/uploads\/2024\/06\/24.0445.jpg","contentUrl":"https:\/\/portaldaacorianidade.azores.gov.pt\/wp-content\/uploads\/2024\/06\/24.0445.jpg","width":2234,"height":827},{"@type":"WebPage","@id":"https:\/\/portaldaacorianidade.azores.gov.pt\/en\/webinar-discusses-challenges-to-social-work-organisations-in-azorean-communities-of-north-america\/#webpage","url":"https:\/\/portaldaacorianidade.azores.gov.pt\/en\/webinar-discusses-challenges-to-social-work-organisations-in-azorean-communities-of-north-america\/","name":"Webinar discusses challenges to social work organisations in Azorean communities of North America - Portal da A\u00e7orianidade - plataforma com os sites geridos pela Vice Presid\u00eancia do Governo","isPartOf":{"@id":"https:\/\/portaldaacorianidade.azores.gov.pt\/#website"},"primaryImageOfPage":{"@id":"https:\/\/portaldaacorianidade.azores.gov.pt\/en\/webinar-discusses-challenges-to-social-work-organisations-in-azorean-communities-of-north-america\/#primaryimage"},"datePublished":"2024-06-26T12:42:40+00:00","dateModified":"2024-06-26T12:42:40+00:00","author":{"@id":"https:\/\/portaldaacorianidade.azores.gov.pt\/#\/schema\/person\/30f08a4a879b417fb08758cfe32fa2b7"},"breadcrumb":{"@id":"https:\/\/portaldaacorianidade.azores.gov.pt\/en\/webinar-discusses-challenges-to-social-work-organisations-in-azorean-communities-of-north-america\/#breadcrumb"},"inLanguage":"en-US","potentialAction":[{"@type":"ReadAction","target":["https:\/\/portaldaacorianidade.azores.gov.pt\/en\/webinar-discusses-challenges-to-social-work-organisations-in-azorean-communities-of-north-america\/"]}]},{"@type":"BreadcrumbList","@id":"https:\/\/portaldaacorianidade.azores.gov.pt\/en\/webinar-discusses-challenges-to-social-work-organisations-in-azorean-communities-of-north-america\/#breadcrumb","itemListElement":[{"@type":"ListItem","position":1,"name":"Webinar discusses challenges to social work organisations in Azorean communities of North America"}]},{"@type":"Person","@id":"https:\/\/portaldaacorianidade.azores.gov.pt\/#\/schema\/person\/30f08a4a879b417fb08758cfe32fa2b7","name":"drc","image":{"@type":"ImageObject","@id":"https:\/\/portaldaacorianidade.azores.gov.pt\/#personlogo","inLanguage":"en-US","url":"https:\/\/secure.gravatar.com\/avatar\/228c5f796e635a16246d2001595092bb?s=96&d=mm&r=g","contentUrl":"https:\/\/secure.gravatar.com\/avatar\/228c5f796e635a16246d2001595092bb?s=96&d=mm&r=g","caption":"drc"},"url":"https:\/\/portaldaacorianidade.azores.gov.pt\/en\/author\/drc\/"}]}},"_links":{"self":[{"href":"https:\/\/portaldaacorianidade.azores.gov.pt\/en\/wp-json\/wp\/v2\/posts\/4716"}],"collection":[{"href":"https:\/\/portaldaacorianidade.azores.gov.pt\/en\/wp-json\/wp\/v2\/posts"}],"about":[{"href":"https:\/\/portaldaacorianidade.azores.gov.pt\/en\/wp-json\/wp\/v2\/types\/post"}],"author":[{"embeddable":true,"href":"https:\/\/portaldaacorianidade.azores.gov.pt\/en\/wp-json\/wp\/v2\/users\/3"}],"replies":[{"embeddable":true,"href":"https:\/\/portaldaacorianidade.azores.gov.pt\/en\/wp-json\/wp\/v2\/comments?post=4716"}],"version-history":[{"count":2,"href":"https:\/\/portaldaacorianidade.azores.gov.pt\/en\/wp-json\/wp\/v2\/posts\/4716\/revisions"}],"predecessor-version":[{"id":4718,"href":"https:\/\/portaldaacorianidade.azores.gov.pt\/en\/wp-json\/wp\/v2\/posts\/4716\/revisions\/4718"}],"wp:featuredmedia":[{"embeddable":true,"href":"https:\/\/portaldaacorianidade.azores.gov.pt\/en\/wp-json\/wp\/v2\/media\/4714"}],"wp:attachment":[{"href":"https:\/\/portaldaacorianidade.azores.gov.pt\/en\/wp-json\/wp\/v2\/media?parent=4716"}],"wp:term":[{"taxonomy":"category","embeddable":true,"href":"https:\/\/portaldaacorianidade.azores.gov.pt\/en\/wp-json\/wp\/v2\/categories?post=4716"},{"taxonomy":"post_tag","embeddable":true,"href":"https:\/\/portaldaacorianidade.azores.gov.pt\/en\/wp-json\/wp\/v2\/tags?post=4716"}],"curies":[{"name":"wp","href":"https:\/\/api.w.org\/{rel}","templated":true}]}}