{"id":4609,"date":"2023-11-27T15:08:37","date_gmt":"2023-11-27T15:08:37","guid":{"rendered":"https:\/\/portaldaacorianidade.azores.gov.pt\/?p=4609"},"modified":"2024-04-09T13:51:24","modified_gmt":"2024-04-09T13:51:24","slug":"regional-government-promotes-training-session-for-municipalities-on-cultural-diversity-2","status":"publish","type":"post","link":"https:\/\/portaldaacorianidade.azores.gov.pt\/en\/regional-government-promotes-training-session-for-municipalities-on-cultural-diversity-2\/","title":{"rendered":"World Council of Houses of the Azores to meet in Brazil"},"content":{"rendered":"<p>The 25th General Assembly of the World Council of Houses of the Azores (CMCA) will be held in Florian\u00f3polis, Santa Catarina, Brazil, on December 1 and 2 with the support of the Presidency of the Government of the Azores, through the Regional Directorate for the Communities.<\/p>\n<p>This annual meeting aims to promote dialogue and debate among the 16 Houses of the Azores in Bermuda, Brazil, Canada, the United States of America, Portugal and Uruguay. The meeting will be chaired by the President of the CMCA and President of the House of the Azores of Santa Catarina, S\u00e9rgio Luiz Ferreira, and by the Regional Director for the Communities, Jos\u00e9 Andrade, who will represent\u00a0the President of the Regional Government.<\/p>\n<p>The World Council comprises the Houses of the Azores of Lisbon, Rio de Janeiro, Hilmar, Quebec, North, S\u00e3o Paulo, New England, Ontario, Winnipeg, Santa Catarina, Rio Grande do Sul, Uruguay, Bermuda, Maranh\u00e3o and Madeira, as well as the most recent, the House of the Azores of the State of Esp\u00edrito Santo, founded in 2022, which is still following the works as an observer.<\/p>\n<p>It should be noted that the Regional Directorate for the Communities marked the 25th anniversary of the World Council of Houses of the Azores with a session held last year in the city of Horta.<\/p>\n<p>Established on November 13, 1997, on the island of Faial, the CMCA aims to promote and develop activities that contribute to the affirmation of the Azores and their diaspora in the world as well as the development of social, cultural and economic relations between the archipelago and the regions where each House of the Azores is located.<\/p>\n<p>The presidency of the Council is held annually by each House of the Azores that makes up this body, under the terms of its statutes, with the general assembly meeting being held in the respective host community.<\/p>\n","protected":false},"excerpt":{"rendered":"<p>The 25th General Assembly of the World Council of Houses of the Azores (CMCA) will be held in Florian\u00f3polis, Santa Catarina, Brazil, on December 1 and 2 with the support of the Presidency of the Government of the Azores, through the Regional Directorate for the Communities. This annual meeting aims to promote dialogue and debate [&hellip;]<\/p>\n","protected":false},"author":3,"featured_media":4601,"comment_status":"closed","ping_status":"closed","sticky":false,"template":"","format":"standard","meta":[],"categories":[32],"tags":[],"yoast_head":"<!-- This site is optimized with the Yoast SEO plugin v17.3 - https:\/\/yoast.com\/wordpress\/plugins\/seo\/ -->\n<title>World Council of Houses of the Azores to meet in Brazil - Portal da A\u00e7orianidade - plataforma com os sites geridos pela Vice Presid\u00eancia do Governo<\/title>\n<meta name=\"robots\" content=\"index, follow, max-snippet:-1, max-image-preview:large, max-video-preview:-1\" \/>\n<link rel=\"canonical\" href=\"https:\/\/portaldaacorianidade.azores.gov.pt\/en\/regional-government-promotes-training-session-for-municipalities-on-cultural-diversity-2\/\" \/>\n<meta property=\"og:locale\" content=\"en_US\" \/>\n<meta property=\"og:type\" content=\"article\" \/>\n<meta property=\"og:title\" content=\"World Council of Houses of the Azores to meet in Brazil - Portal da A\u00e7orianidade - plataforma com os sites geridos pela Vice Presid\u00eancia do Governo\" \/>\n<meta property=\"og:description\" content=\"The 25th General Assembly of the World Council of Houses of the Azores (CMCA) will be held in Florian\u00f3polis, Santa Catarina, Brazil, on December 1 and 2 with the support of the Presidency of the Government of the Azores, through the Regional Directorate for the Communities. This annual meeting aims to promote dialogue and debate [&hellip;]\" \/>\n<meta property=\"og:url\" content=\"https:\/\/portaldaacorianidade.azores.gov.pt\/en\/regional-government-promotes-training-session-for-municipalities-on-cultural-diversity-2\/\" \/>\n<meta property=\"og:site_name\" content=\"Portal da A\u00e7orianidade - plataforma com os sites geridos pela Vice Presid\u00eancia do Governo\" \/>\n<meta property=\"article:published_time\" content=\"2023-11-27T15:08:37+00:00\" \/>\n<meta property=\"article:modified_time\" content=\"2024-04-09T13:51:24+00:00\" \/>\n<meta property=\"og:image\" content=\"https:\/\/portaldaacorianidade.azores.gov.pt\/wp-content\/uploads\/2023\/11\/25o-assembleia_CMCAPost-do-Facebook-4.png\" \/>\n\t<meta property=\"og:image:width\" content=\"940\" \/>\n\t<meta property=\"og:image:height\" content=\"788\" \/>\n<meta name=\"twitter:card\" content=\"summary_large_image\" \/>\n<meta name=\"twitter:label1\" content=\"Written by\" \/>\n\t<meta name=\"twitter:data1\" content=\"drc\" \/>\n\t<meta name=\"twitter:label2\" content=\"Est. reading time\" \/>\n\t<meta name=\"twitter:data2\" content=\"2 minutes\" \/>\n<script type=\"application\/ld+json\" class=\"yoast-schema-graph\">{\"@context\":\"https:\/\/schema.org\",\"@graph\":[{\"@type\":\"WebSite\",\"@id\":\"https:\/\/portaldaacorianidade.azores.gov.pt\/#website\",\"url\":\"https:\/\/portaldaacorianidade.azores.gov.pt\/\",\"name\":\"Portal da A\\u00e7orianidade - plataforma com os sites geridos pela Vice Presid\\u00eancia do Governo\",\"description\":\" Plataforma os v\\u00e1rios sites geridos pela Vice-Presid\\u00eancia do Governo dos A\\u00e7ores, atrav\\u00e9s da Dire\\u00e7\\u00e3o Regional das Comunidades\",\"potentialAction\":[{\"@type\":\"SearchAction\",\"target\":{\"@type\":\"EntryPoint\",\"urlTemplate\":\"https:\/\/portaldaacorianidade.azores.gov.pt\/?s={search_term_string}\"},\"query-input\":\"required name=search_term_string\"}],\"inLanguage\":\"en-US\"},{\"@type\":\"ImageObject\",\"@id\":\"https:\/\/portaldaacorianidade.azores.gov.pt\/en\/regional-government-promotes-training-session-for-municipalities-on-cultural-diversity-2\/#primaryimage\",\"inLanguage\":\"en-US\",\"url\":\"https:\/\/portaldaacorianidade.azores.gov.pt\/wp-content\/uploads\/2023\/11\/25o-assembleia_CMCAPost-do-Facebook-4.png\",\"contentUrl\":\"https:\/\/portaldaacorianidade.azores.gov.pt\/wp-content\/uploads\/2023\/11\/25o-assembleia_CMCAPost-do-Facebook-4.png\",\"width\":940,\"height\":788},{\"@type\":\"WebPage\",\"@id\":\"https:\/\/portaldaacorianidade.azores.gov.pt\/en\/regional-government-promotes-training-session-for-municipalities-on-cultural-diversity-2\/#webpage\",\"url\":\"https:\/\/portaldaacorianidade.azores.gov.pt\/en\/regional-government-promotes-training-session-for-municipalities-on-cultural-diversity-2\/\",\"name\":\"World Council of Houses of the Azores to meet in Brazil - Portal da A\\u00e7orianidade - plataforma com os sites geridos pela Vice Presid\\u00eancia do Governo\",\"isPartOf\":{\"@id\":\"https:\/\/portaldaacorianidade.azores.gov.pt\/#website\"},\"primaryImageOfPage\":{\"@id\":\"https:\/\/portaldaacorianidade.azores.gov.pt\/en\/regional-government-promotes-training-session-for-municipalities-on-cultural-diversity-2\/#primaryimage\"},\"datePublished\":\"2023-11-27T15:08:37+00:00\",\"dateModified\":\"2024-04-09T13:51:24+00:00\",\"author\":{\"@id\":\"https:\/\/portaldaacorianidade.azores.gov.pt\/#\/schema\/person\/30f08a4a879b417fb08758cfe32fa2b7\"},\"breadcrumb\":{\"@id\":\"https:\/\/portaldaacorianidade.azores.gov.pt\/en\/regional-government-promotes-training-session-for-municipalities-on-cultural-diversity-2\/#breadcrumb\"},\"inLanguage\":\"en-US\",\"potentialAction\":[{\"@type\":\"ReadAction\",\"target\":[\"https:\/\/portaldaacorianidade.azores.gov.pt\/en\/regional-government-promotes-training-session-for-municipalities-on-cultural-diversity-2\/\"]}]},{\"@type\":\"BreadcrumbList\",\"@id\":\"https:\/\/portaldaacorianidade.azores.gov.pt\/en\/regional-government-promotes-training-session-for-municipalities-on-cultural-diversity-2\/#breadcrumb\",\"itemListElement\":[{\"@type\":\"ListItem\",\"position\":1,\"name\":\"World Council of Houses of the Azores to meet in Brazil\"}]},{\"@type\":\"Person\",\"@id\":\"https:\/\/portaldaacorianidade.azores.gov.pt\/#\/schema\/person\/30f08a4a879b417fb08758cfe32fa2b7\",\"name\":\"drc\",\"image\":{\"@type\":\"ImageObject\",\"@id\":\"https:\/\/portaldaacorianidade.azores.gov.pt\/#personlogo\",\"inLanguage\":\"en-US\",\"url\":\"https:\/\/secure.gravatar.com\/avatar\/228c5f796e635a16246d2001595092bb?s=96&d=mm&r=g\",\"contentUrl\":\"https:\/\/secure.gravatar.com\/avatar\/228c5f796e635a16246d2001595092bb?s=96&d=mm&r=g\",\"caption\":\"drc\"},\"url\":\"https:\/\/portaldaacorianidade.azores.gov.pt\/en\/author\/drc\/\"}]}<\/script>\n<!-- \/ Yoast SEO plugin. -->","yoast_head_json":{"title":"World Council of Houses of the Azores to meet in Brazil - Portal da A\u00e7orianidade - plataforma com os sites geridos pela Vice Presid\u00eancia do Governo","robots":{"index":"index","follow":"follow","max-snippet":"max-snippet:-1","max-image-preview":"max-image-preview:large","max-video-preview":"max-video-preview:-1"},"canonical":"https:\/\/portaldaacorianidade.azores.gov.pt\/en\/regional-government-promotes-training-session-for-municipalities-on-cultural-diversity-2\/","og_locale":"en_US","og_type":"article","og_title":"World Council of Houses of the Azores to meet in Brazil - Portal da A\u00e7orianidade - plataforma com os sites geridos pela Vice Presid\u00eancia do Governo","og_description":"The 25th General Assembly of the World Council of Houses of the Azores (CMCA) will be held in Florian\u00f3polis, Santa Catarina, Brazil, on December 1 and 2 with the support of the Presidency of the Government of the Azores, through the Regional Directorate for the Communities. This annual meeting aims to promote dialogue and debate [&hellip;]","og_url":"https:\/\/portaldaacorianidade.azores.gov.pt\/en\/regional-government-promotes-training-session-for-municipalities-on-cultural-diversity-2\/","og_site_name":"Portal da A\u00e7orianidade - plataforma com os sites geridos pela Vice Presid\u00eancia do Governo","article_published_time":"2023-11-27T15:08:37+00:00","article_modified_time":"2024-04-09T13:51:24+00:00","og_image":[{"width":940,"height":788,"url":"https:\/\/portaldaacorianidade.azores.gov.pt\/wp-content\/uploads\/2023\/11\/25o-assembleia_CMCAPost-do-Facebook-4.png","type":"image\/png"}],"twitter_card":"summary_large_image","twitter_misc":{"Written by":"drc","Est. reading time":"2 minutes"},"schema":{"@context":"https:\/\/schema.org","@graph":[{"@type":"WebSite","@id":"https:\/\/portaldaacorianidade.azores.gov.pt\/#website","url":"https:\/\/portaldaacorianidade.azores.gov.pt\/","name":"Portal da A\u00e7orianidade - plataforma com os sites geridos pela Vice Presid\u00eancia do Governo","description":" Plataforma os v\u00e1rios sites geridos pela Vice-Presid\u00eancia do Governo dos A\u00e7ores, atrav\u00e9s da Dire\u00e7\u00e3o Regional das Comunidades","potentialAction":[{"@type":"SearchAction","target":{"@type":"EntryPoint","urlTemplate":"https:\/\/portaldaacorianidade.azores.gov.pt\/?s={search_term_string}"},"query-input":"required name=search_term_string"}],"inLanguage":"en-US"},{"@type":"ImageObject","@id":"https:\/\/portaldaacorianidade.azores.gov.pt\/en\/regional-government-promotes-training-session-for-municipalities-on-cultural-diversity-2\/#primaryimage","inLanguage":"en-US","url":"https:\/\/portaldaacorianidade.azores.gov.pt\/wp-content\/uploads\/2023\/11\/25o-assembleia_CMCAPost-do-Facebook-4.png","contentUrl":"https:\/\/portaldaacorianidade.azores.gov.pt\/wp-content\/uploads\/2023\/11\/25o-assembleia_CMCAPost-do-Facebook-4.png","width":940,"height":788},{"@type":"WebPage","@id":"https:\/\/portaldaacorianidade.azores.gov.pt\/en\/regional-government-promotes-training-session-for-municipalities-on-cultural-diversity-2\/#webpage","url":"https:\/\/portaldaacorianidade.azores.gov.pt\/en\/regional-government-promotes-training-session-for-municipalities-on-cultural-diversity-2\/","name":"World Council of Houses of the Azores to meet in Brazil - Portal da A\u00e7orianidade - plataforma com os sites geridos pela Vice Presid\u00eancia do Governo","isPartOf":{"@id":"https:\/\/portaldaacorianidade.azores.gov.pt\/#website"},"primaryImageOfPage":{"@id":"https:\/\/portaldaacorianidade.azores.gov.pt\/en\/regional-government-promotes-training-session-for-municipalities-on-cultural-diversity-2\/#primaryimage"},"datePublished":"2023-11-27T15:08:37+00:00","dateModified":"2024-04-09T13:51:24+00:00","author":{"@id":"https:\/\/portaldaacorianidade.azores.gov.pt\/#\/schema\/person\/30f08a4a879b417fb08758cfe32fa2b7"},"breadcrumb":{"@id":"https:\/\/portaldaacorianidade.azores.gov.pt\/en\/regional-government-promotes-training-session-for-municipalities-on-cultural-diversity-2\/#breadcrumb"},"inLanguage":"en-US","potentialAction":[{"@type":"ReadAction","target":["https:\/\/portaldaacorianidade.azores.gov.pt\/en\/regional-government-promotes-training-session-for-municipalities-on-cultural-diversity-2\/"]}]},{"@type":"BreadcrumbList","@id":"https:\/\/portaldaacorianidade.azores.gov.pt\/en\/regional-government-promotes-training-session-for-municipalities-on-cultural-diversity-2\/#breadcrumb","itemListElement":[{"@type":"ListItem","position":1,"name":"World Council of Houses of the Azores to meet in Brazil"}]},{"@type":"Person","@id":"https:\/\/portaldaacorianidade.azores.gov.pt\/#\/schema\/person\/30f08a4a879b417fb08758cfe32fa2b7","name":"drc","image":{"@type":"ImageObject","@id":"https:\/\/portaldaacorianidade.azores.gov.pt\/#personlogo","inLanguage":"en-US","url":"https:\/\/secure.gravatar.com\/avatar\/228c5f796e635a16246d2001595092bb?s=96&d=mm&r=g","contentUrl":"https:\/\/secure.gravatar.com\/avatar\/228c5f796e635a16246d2001595092bb?s=96&d=mm&r=g","caption":"drc"},"url":"https:\/\/portaldaacorianidade.azores.gov.pt\/en\/author\/drc\/"}]}},"_links":{"self":[{"href":"https:\/\/portaldaacorianidade.azores.gov.pt\/en\/wp-json\/wp\/v2\/posts\/4609"}],"collection":[{"href":"https:\/\/portaldaacorianidade.azores.gov.pt\/en\/wp-json\/wp\/v2\/posts"}],"about":[{"href":"https:\/\/portaldaacorianidade.azores.gov.pt\/en\/wp-json\/wp\/v2\/types\/post"}],"author":[{"embeddable":true,"href":"https:\/\/portaldaacorianidade.azores.gov.pt\/en\/wp-json\/wp\/v2\/users\/3"}],"replies":[{"embeddable":true,"href":"https:\/\/portaldaacorianidade.azores.gov.pt\/en\/wp-json\/wp\/v2\/comments?post=4609"}],"version-history":[{"count":3,"href":"https:\/\/portaldaacorianidade.azores.gov.pt\/en\/wp-json\/wp\/v2\/posts\/4609\/revisions"}],"predecessor-version":[{"id":4618,"href":"https:\/\/portaldaacorianidade.azores.gov.pt\/en\/wp-json\/wp\/v2\/posts\/4609\/revisions\/4618"}],"wp:featuredmedia":[{"embeddable":true,"href":"https:\/\/portaldaacorianidade.azores.gov.pt\/en\/wp-json\/wp\/v2\/media\/4601"}],"wp:attachment":[{"href":"https:\/\/portaldaacorianidade.azores.gov.pt\/en\/wp-json\/wp\/v2\/media?parent=4609"}],"wp:term":[{"taxonomy":"category","embeddable":true,"href":"https:\/\/portaldaacorianidade.azores.gov.pt\/en\/wp-json\/wp\/v2\/categories?post=4609"},{"taxonomy":"post_tag","embeddable":true,"href":"https:\/\/portaldaacorianidade.azores.gov.pt\/en\/wp-json\/wp\/v2\/tags?post=4609"}],"curies":[{"name":"wp","href":"https:\/\/api.w.org\/{rel}","templated":true}]}}