{"id":4549,"date":"2023-09-06T14:08:07","date_gmt":"2023-09-06T14:08:07","guid":{"rendered":"https:\/\/portaldaacorianidade.azores.gov.pt\/?p=4549"},"modified":"2023-11-27T15:09:02","modified_gmt":"2023-11-27T15:09:02","slug":"webinar-evokes-azorean-emigration-to-northeastern-brazil","status":"publish","type":"post","link":"https:\/\/portaldaacorianidade.azores.gov.pt\/en\/webinar-evokes-azorean-emigration-to-northeastern-brazil\/","title":{"rendered":"Webinar evokes Azorean emigration to northeastern Brazil"},"content":{"rendered":"<p>The Presidency of the Government of the Azores, through the Regional Directorate for the Communities, is promoting an online seminar on &#8220;The Emigration of Azoreans to the Northeast of Brazil,&#8221; which will be broadcast on Thursday, September 7, at 8:30 pm in the Azores and 5:30 pm in Brazil.<\/p>\n<p>&nbsp;<\/p>\n<p>The webinar will take place via the official Facebook page of the Regional Directorate for the Communities to mark the day celebrating the independence of Brazil, featuring presentations by four researchers dedicated to genealogical research in the northeastern region of Brazil.<\/p>\n<p>&nbsp;<\/p>\n<p>Aristides Bogea Bittercourt will address the pioneering Azorean emigration to the state of Maranh\u00e3o and H\u00e9lya Abath will talk about the presence of the Azoreans in the state of Cear\u00e1, while Luciano Canuto de Oliveira and Jos\u00e9 Roberto Bezerra de Medeiros will focus their presentations on the state of Para\u00edba and the states of Pernambuco and Rio Grande do Norte, respectively.<\/p>\n<p>&nbsp;<\/p>\n<p>The Regional Director for the Communities, Jos\u00e9 Andrade, will moderate a final debate with the four guest researchers.<\/p>\n<p>&nbsp;<\/p>\n<p>Brazil was the first major destination for Azorean emigration, whose main purpose was the Portuguese settlement of territories from the north to the south of the country. The first wave of Azorean couples left for Brazil in the 17th century, for Maranh\u00e3o, which was followed by several migratory flows to regions further south, such as Santa Catarina and Rio Grande do Sul, but also S\u00e3o Paulo and Rio de Janeiro.<\/p>\n<p>&nbsp;<\/p>\n<p>This debate on emigration from the Azores to northeastern Brazil follows on from other sessions on the Azorean presence in North America, already broadcast on the national days of Canada ( July 1) and the United States ( July 4).<\/p>\n","protected":false},"excerpt":{"rendered":"<p>The Presidency of the Government of the Azores, through the Regional Directorate for the Communities, is promoting an online seminar on &#8220;The Emigration of Azoreans to the Northeast of Brazil,&#8221; which will be broadcast on Thursday, September 7, at 8:30 pm in the Azores and 5:30 pm in Brazil. &nbsp; The webinar will take place [&hellip;]<\/p>\n","protected":false},"author":3,"featured_media":4547,"comment_status":"closed","ping_status":"closed","sticky":false,"template":"","format":"standard","meta":[],"categories":[32],"tags":[],"yoast_head":"<!-- This site is optimized with the Yoast SEO plugin v17.3 - https:\/\/yoast.com\/wordpress\/plugins\/seo\/ -->\n<title>Webinar evokes Azorean emigration to northeastern Brazil - Portal da A\u00e7orianidade - plataforma com os sites geridos pela Vice Presid\u00eancia do Governo<\/title>\n<meta name=\"robots\" content=\"index, follow, max-snippet:-1, max-image-preview:large, max-video-preview:-1\" \/>\n<link rel=\"canonical\" href=\"https:\/\/portaldaacorianidade.azores.gov.pt\/en\/webinar-evokes-azorean-emigration-to-northeastern-brazil\/\" \/>\n<meta property=\"og:locale\" content=\"en_US\" \/>\n<meta property=\"og:type\" content=\"article\" \/>\n<meta property=\"og:title\" content=\"Webinar evokes Azorean emigration to northeastern Brazil - Portal da A\u00e7orianidade - plataforma com os sites geridos pela Vice Presid\u00eancia do Governo\" \/>\n<meta property=\"og:description\" content=\"The Presidency of the Government of the Azores, through the Regional Directorate for the Communities, is promoting an online seminar on &#8220;The Emigration of Azoreans to the Northeast of Brazil,&#8221; which will be broadcast on Thursday, September 7, at 8:30 pm in the Azores and 5:30 pm in Brazil. &nbsp; The webinar will take place [&hellip;]\" \/>\n<meta property=\"og:url\" content=\"https:\/\/portaldaacorianidade.azores.gov.pt\/en\/webinar-evokes-azorean-emigration-to-northeastern-brazil\/\" \/>\n<meta property=\"og:site_name\" content=\"Portal da A\u00e7orianidade - plataforma com os sites geridos pela Vice Presid\u00eancia do Governo\" \/>\n<meta property=\"article:published_time\" content=\"2023-09-06T14:08:07+00:00\" \/>\n<meta property=\"article:modified_time\" content=\"2023-11-27T15:09:02+00:00\" \/>\n<meta property=\"og:image\" content=\"https:\/\/portaldaacorianidade.azores.gov.pt\/wp-content\/uploads\/2023\/09\/23.5339-scaled.jpg\" \/>\n\t<meta property=\"og:image:width\" content=\"2560\" \/>\n\t<meta property=\"og:image:height\" content=\"1439\" \/>\n<meta name=\"twitter:card\" content=\"summary_large_image\" \/>\n<meta name=\"twitter:label1\" content=\"Written by\" \/>\n\t<meta name=\"twitter:data1\" content=\"drc\" \/>\n\t<meta name=\"twitter:label2\" content=\"Est. reading time\" \/>\n\t<meta name=\"twitter:data2\" content=\"1 minute\" \/>\n<script type=\"application\/ld+json\" class=\"yoast-schema-graph\">{\"@context\":\"https:\/\/schema.org\",\"@graph\":[{\"@type\":\"WebSite\",\"@id\":\"https:\/\/portaldaacorianidade.azores.gov.pt\/#website\",\"url\":\"https:\/\/portaldaacorianidade.azores.gov.pt\/\",\"name\":\"Portal da A\\u00e7orianidade - plataforma com os sites geridos pela Vice Presid\\u00eancia do Governo\",\"description\":\" Plataforma os v\\u00e1rios sites geridos pela Vice-Presid\\u00eancia do Governo dos A\\u00e7ores, atrav\\u00e9s da Dire\\u00e7\\u00e3o Regional das Comunidades\",\"potentialAction\":[{\"@type\":\"SearchAction\",\"target\":{\"@type\":\"EntryPoint\",\"urlTemplate\":\"https:\/\/portaldaacorianidade.azores.gov.pt\/?s={search_term_string}\"},\"query-input\":\"required name=search_term_string\"}],\"inLanguage\":\"en-US\"},{\"@type\":\"ImageObject\",\"@id\":\"https:\/\/portaldaacorianidade.azores.gov.pt\/en\/webinar-evokes-azorean-emigration-to-northeastern-brazil\/#primaryimage\",\"inLanguage\":\"en-US\",\"url\":\"https:\/\/portaldaacorianidade.azores.gov.pt\/wp-content\/uploads\/2023\/09\/23.5339-scaled.jpg\",\"contentUrl\":\"https:\/\/portaldaacorianidade.azores.gov.pt\/wp-content\/uploads\/2023\/09\/23.5339-scaled.jpg\",\"width\":2560,\"height\":1439},{\"@type\":\"WebPage\",\"@id\":\"https:\/\/portaldaacorianidade.azores.gov.pt\/en\/webinar-evokes-azorean-emigration-to-northeastern-brazil\/#webpage\",\"url\":\"https:\/\/portaldaacorianidade.azores.gov.pt\/en\/webinar-evokes-azorean-emigration-to-northeastern-brazil\/\",\"name\":\"Webinar evokes Azorean emigration to northeastern Brazil - Portal da A\\u00e7orianidade - plataforma com os sites geridos pela Vice Presid\\u00eancia do Governo\",\"isPartOf\":{\"@id\":\"https:\/\/portaldaacorianidade.azores.gov.pt\/#website\"},\"primaryImageOfPage\":{\"@id\":\"https:\/\/portaldaacorianidade.azores.gov.pt\/en\/webinar-evokes-azorean-emigration-to-northeastern-brazil\/#primaryimage\"},\"datePublished\":\"2023-09-06T14:08:07+00:00\",\"dateModified\":\"2023-11-27T15:09:02+00:00\",\"author\":{\"@id\":\"https:\/\/portaldaacorianidade.azores.gov.pt\/#\/schema\/person\/30f08a4a879b417fb08758cfe32fa2b7\"},\"breadcrumb\":{\"@id\":\"https:\/\/portaldaacorianidade.azores.gov.pt\/en\/webinar-evokes-azorean-emigration-to-northeastern-brazil\/#breadcrumb\"},\"inLanguage\":\"en-US\",\"potentialAction\":[{\"@type\":\"ReadAction\",\"target\":[\"https:\/\/portaldaacorianidade.azores.gov.pt\/en\/webinar-evokes-azorean-emigration-to-northeastern-brazil\/\"]}]},{\"@type\":\"BreadcrumbList\",\"@id\":\"https:\/\/portaldaacorianidade.azores.gov.pt\/en\/webinar-evokes-azorean-emigration-to-northeastern-brazil\/#breadcrumb\",\"itemListElement\":[{\"@type\":\"ListItem\",\"position\":1,\"name\":\"Webinar evokes Azorean emigration to northeastern Brazil\"}]},{\"@type\":\"Person\",\"@id\":\"https:\/\/portaldaacorianidade.azores.gov.pt\/#\/schema\/person\/30f08a4a879b417fb08758cfe32fa2b7\",\"name\":\"drc\",\"image\":{\"@type\":\"ImageObject\",\"@id\":\"https:\/\/portaldaacorianidade.azores.gov.pt\/#personlogo\",\"inLanguage\":\"en-US\",\"url\":\"https:\/\/secure.gravatar.com\/avatar\/228c5f796e635a16246d2001595092bb?s=96&d=mm&r=g\",\"contentUrl\":\"https:\/\/secure.gravatar.com\/avatar\/228c5f796e635a16246d2001595092bb?s=96&d=mm&r=g\",\"caption\":\"drc\"},\"url\":\"https:\/\/portaldaacorianidade.azores.gov.pt\/en\/author\/drc\/\"}]}<\/script>\n<!-- \/ Yoast SEO plugin. -->","yoast_head_json":{"title":"Webinar evokes Azorean emigration to northeastern Brazil - Portal da A\u00e7orianidade - plataforma com os sites geridos pela Vice Presid\u00eancia do Governo","robots":{"index":"index","follow":"follow","max-snippet":"max-snippet:-1","max-image-preview":"max-image-preview:large","max-video-preview":"max-video-preview:-1"},"canonical":"https:\/\/portaldaacorianidade.azores.gov.pt\/en\/webinar-evokes-azorean-emigration-to-northeastern-brazil\/","og_locale":"en_US","og_type":"article","og_title":"Webinar evokes Azorean emigration to northeastern Brazil - Portal da A\u00e7orianidade - plataforma com os sites geridos pela Vice Presid\u00eancia do Governo","og_description":"The Presidency of the Government of the Azores, through the Regional Directorate for the Communities, is promoting an online seminar on &#8220;The Emigration of Azoreans to the Northeast of Brazil,&#8221; which will be broadcast on Thursday, September 7, at 8:30 pm in the Azores and 5:30 pm in Brazil. &nbsp; The webinar will take place [&hellip;]","og_url":"https:\/\/portaldaacorianidade.azores.gov.pt\/en\/webinar-evokes-azorean-emigration-to-northeastern-brazil\/","og_site_name":"Portal da A\u00e7orianidade - plataforma com os sites geridos pela Vice Presid\u00eancia do Governo","article_published_time":"2023-09-06T14:08:07+00:00","article_modified_time":"2023-11-27T15:09:02+00:00","og_image":[{"width":2560,"height":1439,"url":"https:\/\/portaldaacorianidade.azores.gov.pt\/wp-content\/uploads\/2023\/09\/23.5339-scaled.jpg","type":"image\/jpeg"}],"twitter_card":"summary_large_image","twitter_misc":{"Written by":"drc","Est. reading time":"1 minute"},"schema":{"@context":"https:\/\/schema.org","@graph":[{"@type":"WebSite","@id":"https:\/\/portaldaacorianidade.azores.gov.pt\/#website","url":"https:\/\/portaldaacorianidade.azores.gov.pt\/","name":"Portal da A\u00e7orianidade - plataforma com os sites geridos pela Vice Presid\u00eancia do Governo","description":" Plataforma os v\u00e1rios sites geridos pela Vice-Presid\u00eancia do Governo dos A\u00e7ores, atrav\u00e9s da Dire\u00e7\u00e3o Regional das Comunidades","potentialAction":[{"@type":"SearchAction","target":{"@type":"EntryPoint","urlTemplate":"https:\/\/portaldaacorianidade.azores.gov.pt\/?s={search_term_string}"},"query-input":"required name=search_term_string"}],"inLanguage":"en-US"},{"@type":"ImageObject","@id":"https:\/\/portaldaacorianidade.azores.gov.pt\/en\/webinar-evokes-azorean-emigration-to-northeastern-brazil\/#primaryimage","inLanguage":"en-US","url":"https:\/\/portaldaacorianidade.azores.gov.pt\/wp-content\/uploads\/2023\/09\/23.5339-scaled.jpg","contentUrl":"https:\/\/portaldaacorianidade.azores.gov.pt\/wp-content\/uploads\/2023\/09\/23.5339-scaled.jpg","width":2560,"height":1439},{"@type":"WebPage","@id":"https:\/\/portaldaacorianidade.azores.gov.pt\/en\/webinar-evokes-azorean-emigration-to-northeastern-brazil\/#webpage","url":"https:\/\/portaldaacorianidade.azores.gov.pt\/en\/webinar-evokes-azorean-emigration-to-northeastern-brazil\/","name":"Webinar evokes Azorean emigration to northeastern Brazil - Portal da A\u00e7orianidade - plataforma com os sites geridos pela Vice Presid\u00eancia do Governo","isPartOf":{"@id":"https:\/\/portaldaacorianidade.azores.gov.pt\/#website"},"primaryImageOfPage":{"@id":"https:\/\/portaldaacorianidade.azores.gov.pt\/en\/webinar-evokes-azorean-emigration-to-northeastern-brazil\/#primaryimage"},"datePublished":"2023-09-06T14:08:07+00:00","dateModified":"2023-11-27T15:09:02+00:00","author":{"@id":"https:\/\/portaldaacorianidade.azores.gov.pt\/#\/schema\/person\/30f08a4a879b417fb08758cfe32fa2b7"},"breadcrumb":{"@id":"https:\/\/portaldaacorianidade.azores.gov.pt\/en\/webinar-evokes-azorean-emigration-to-northeastern-brazil\/#breadcrumb"},"inLanguage":"en-US","potentialAction":[{"@type":"ReadAction","target":["https:\/\/portaldaacorianidade.azores.gov.pt\/en\/webinar-evokes-azorean-emigration-to-northeastern-brazil\/"]}]},{"@type":"BreadcrumbList","@id":"https:\/\/portaldaacorianidade.azores.gov.pt\/en\/webinar-evokes-azorean-emigration-to-northeastern-brazil\/#breadcrumb","itemListElement":[{"@type":"ListItem","position":1,"name":"Webinar evokes Azorean emigration to northeastern Brazil"}]},{"@type":"Person","@id":"https:\/\/portaldaacorianidade.azores.gov.pt\/#\/schema\/person\/30f08a4a879b417fb08758cfe32fa2b7","name":"drc","image":{"@type":"ImageObject","@id":"https:\/\/portaldaacorianidade.azores.gov.pt\/#personlogo","inLanguage":"en-US","url":"https:\/\/secure.gravatar.com\/avatar\/228c5f796e635a16246d2001595092bb?s=96&d=mm&r=g","contentUrl":"https:\/\/secure.gravatar.com\/avatar\/228c5f796e635a16246d2001595092bb?s=96&d=mm&r=g","caption":"drc"},"url":"https:\/\/portaldaacorianidade.azores.gov.pt\/en\/author\/drc\/"}]}},"_links":{"self":[{"href":"https:\/\/portaldaacorianidade.azores.gov.pt\/en\/wp-json\/wp\/v2\/posts\/4549"}],"collection":[{"href":"https:\/\/portaldaacorianidade.azores.gov.pt\/en\/wp-json\/wp\/v2\/posts"}],"about":[{"href":"https:\/\/portaldaacorianidade.azores.gov.pt\/en\/wp-json\/wp\/v2\/types\/post"}],"author":[{"embeddable":true,"href":"https:\/\/portaldaacorianidade.azores.gov.pt\/en\/wp-json\/wp\/v2\/users\/3"}],"replies":[{"embeddable":true,"href":"https:\/\/portaldaacorianidade.azores.gov.pt\/en\/wp-json\/wp\/v2\/comments?post=4549"}],"version-history":[{"count":1,"href":"https:\/\/portaldaacorianidade.azores.gov.pt\/en\/wp-json\/wp\/v2\/posts\/4549\/revisions"}],"predecessor-version":[{"id":4550,"href":"https:\/\/portaldaacorianidade.azores.gov.pt\/en\/wp-json\/wp\/v2\/posts\/4549\/revisions\/4550"}],"wp:featuredmedia":[{"embeddable":true,"href":"https:\/\/portaldaacorianidade.azores.gov.pt\/en\/wp-json\/wp\/v2\/media\/4547"}],"wp:attachment":[{"href":"https:\/\/portaldaacorianidade.azores.gov.pt\/en\/wp-json\/wp\/v2\/media?parent=4549"}],"wp:term":[{"taxonomy":"category","embeddable":true,"href":"https:\/\/portaldaacorianidade.azores.gov.pt\/en\/wp-json\/wp\/v2\/categories?post=4549"},{"taxonomy":"post_tag","embeddable":true,"href":"https:\/\/portaldaacorianidade.azores.gov.pt\/en\/wp-json\/wp\/v2\/tags?post=4549"}],"curies":[{"name":"wp","href":"https:\/\/api.w.org\/{rel}","templated":true}]}}