{"id":4533,"date":"2023-06-30T12:42:24","date_gmt":"2023-06-30T12:42:24","guid":{"rendered":"https:\/\/portaldaacorianidade.azores.gov.pt\/?p=4533"},"modified":"2023-11-27T15:09:18","modified_gmt":"2023-11-27T15:09:18","slug":"azorean-communities-in-canada-and-the-united-states-under-debate","status":"publish","type":"post","link":"https:\/\/portaldaacorianidade.azores.gov.pt\/en\/azorean-communities-in-canada-and-the-united-states-under-debate\/","title":{"rendered":"Azorean communities in Canada and the United States under debate"},"content":{"rendered":"<p>The Presidency of the Regional Government, through the Regional Directorate for the Communities, is promoting two debates on the Azorean communities in Canada and the United States of America, featuring the participation of the ten Azorean Diaspora Councilors elected by the two countries.<\/p>\n<p>These two sessions will be held online and will be streamed on the Facebook page of the Regional Directorate for the Communities with the aim of discussing the current situation and future prospects of the Azorean diaspora in North America, as part of the celebrations of the national days of Canada and the United States.<\/p>\n<p>The first debate with councillors Eduardo Bettencourt Pinto (British Columbia), Paulo Jorge Cabral (Manitoba), Matthew Correia (Ontario), Victor Faria (Quebec) and Carlos Eduardo de Almeida (Remaining Provinces) takes place next Saturday, July 1, Canada&#8217;s national holiday.<\/p>\n<p>In turn, the second debate will be held next Tuesday, July 4, the national holiday that celebrates Independence Day in the United States of America, featuring councilors Zeto Carvalho (California), Rui Baptista (Massachusetts), M\u00e1rcia Sousa da Ponte (Rhode Island), David Rebelo Pimentel (Remaining States) and Katherine Soares (Remaining States).<\/p>\n<p>Both sessions will begin at 9 pm in the Azores and will be approximately 60 minutes long. They will be moderated by the Regional Director of Communities, Jos\u00e9 Andrade.<\/p>\n<p>Canada and the United States are two of the main destinations of Azorean emigration, with hundreds of thousands of Azoreans and their descendants residing in different provinces and states. They are the driving force of an important movement of associations closely involved with the Autonomous Region of the Azores.<\/p>\n","protected":false},"excerpt":{"rendered":"<p>The Presidency of the Regional Government, through the Regional Directorate for the Communities, is promoting two debates on the Azorean communities in Canada and the United States of America, featuring the participation of the ten Azorean Diaspora Councilors elected by the two countries. These two sessions will be held online and will be streamed on [&hellip;]<\/p>\n","protected":false},"author":3,"featured_media":4538,"comment_status":"closed","ping_status":"closed","sticky":false,"template":"","format":"standard","meta":[],"categories":[32],"tags":[],"yoast_head":"<!-- This site is optimized with the Yoast SEO plugin v17.3 - https:\/\/yoast.com\/wordpress\/plugins\/seo\/ -->\n<title>Azorean communities in Canada and the United States under debate - Portal da A\u00e7orianidade - plataforma com os sites geridos pela Vice Presid\u00eancia do Governo<\/title>\n<meta name=\"robots\" content=\"index, follow, max-snippet:-1, max-image-preview:large, max-video-preview:-1\" \/>\n<link rel=\"canonical\" href=\"https:\/\/portaldaacorianidade.azores.gov.pt\/en\/azorean-communities-in-canada-and-the-united-states-under-debate\/\" \/>\n<meta property=\"og:locale\" content=\"en_US\" \/>\n<meta property=\"og:type\" content=\"article\" \/>\n<meta property=\"og:title\" content=\"Azorean communities in Canada and the United States under debate - Portal da A\u00e7orianidade - plataforma com os sites geridos pela Vice Presid\u00eancia do Governo\" \/>\n<meta property=\"og:description\" content=\"The Presidency of the Regional Government, through the Regional Directorate for the Communities, is promoting two debates on the Azorean communities in Canada and the United States of America, featuring the participation of the ten Azorean Diaspora Councilors elected by the two countries. These two sessions will be held online and will be streamed on [&hellip;]\" \/>\n<meta property=\"og:url\" content=\"https:\/\/portaldaacorianidade.azores.gov.pt\/en\/azorean-communities-in-canada-and-the-united-states-under-debate\/\" \/>\n<meta property=\"og:site_name\" content=\"Portal da A\u00e7orianidade - plataforma com os sites geridos pela Vice Presid\u00eancia do Governo\" \/>\n<meta property=\"article:published_time\" content=\"2023-06-30T12:42:24+00:00\" \/>\n<meta property=\"article:modified_time\" content=\"2023-11-27T15:09:18+00:00\" \/>\n<meta property=\"og:image\" content=\"https:\/\/portaldaacorianidade.azores.gov.pt\/wp-content\/uploads\/2023\/06\/debates-jpeg.png\" \/>\n\t<meta property=\"og:image:width\" content=\"1948\" \/>\n\t<meta property=\"og:image:height\" content=\"713\" \/>\n<meta name=\"twitter:card\" content=\"summary_large_image\" \/>\n<meta name=\"twitter:label1\" content=\"Written by\" \/>\n\t<meta name=\"twitter:data1\" content=\"drc\" \/>\n\t<meta name=\"twitter:label2\" content=\"Est. reading time\" \/>\n\t<meta name=\"twitter:data2\" content=\"1 minute\" \/>\n<script type=\"application\/ld+json\" class=\"yoast-schema-graph\">{\"@context\":\"https:\/\/schema.org\",\"@graph\":[{\"@type\":\"WebSite\",\"@id\":\"https:\/\/portaldaacorianidade.azores.gov.pt\/#website\",\"url\":\"https:\/\/portaldaacorianidade.azores.gov.pt\/\",\"name\":\"Portal da A\\u00e7orianidade - plataforma com os sites geridos pela Vice Presid\\u00eancia do Governo\",\"description\":\" Plataforma os v\\u00e1rios sites geridos pela Vice-Presid\\u00eancia do Governo dos A\\u00e7ores, atrav\\u00e9s da Dire\\u00e7\\u00e3o Regional das Comunidades\",\"potentialAction\":[{\"@type\":\"SearchAction\",\"target\":{\"@type\":\"EntryPoint\",\"urlTemplate\":\"https:\/\/portaldaacorianidade.azores.gov.pt\/?s={search_term_string}\"},\"query-input\":\"required name=search_term_string\"}],\"inLanguage\":\"en-US\"},{\"@type\":\"ImageObject\",\"@id\":\"https:\/\/portaldaacorianidade.azores.gov.pt\/en\/azorean-communities-in-canada-and-the-united-states-under-debate\/#primaryimage\",\"inLanguage\":\"en-US\",\"url\":\"https:\/\/portaldaacorianidade.azores.gov.pt\/wp-content\/uploads\/2023\/06\/debates-jpeg.png\",\"contentUrl\":\"https:\/\/portaldaacorianidade.azores.gov.pt\/wp-content\/uploads\/2023\/06\/debates-jpeg.png\",\"width\":1948,\"height\":713},{\"@type\":\"WebPage\",\"@id\":\"https:\/\/portaldaacorianidade.azores.gov.pt\/en\/azorean-communities-in-canada-and-the-united-states-under-debate\/#webpage\",\"url\":\"https:\/\/portaldaacorianidade.azores.gov.pt\/en\/azorean-communities-in-canada-and-the-united-states-under-debate\/\",\"name\":\"Azorean communities in Canada and the United States under debate - Portal da A\\u00e7orianidade - plataforma com os sites geridos pela Vice Presid\\u00eancia do Governo\",\"isPartOf\":{\"@id\":\"https:\/\/portaldaacorianidade.azores.gov.pt\/#website\"},\"primaryImageOfPage\":{\"@id\":\"https:\/\/portaldaacorianidade.azores.gov.pt\/en\/azorean-communities-in-canada-and-the-united-states-under-debate\/#primaryimage\"},\"datePublished\":\"2023-06-30T12:42:24+00:00\",\"dateModified\":\"2023-11-27T15:09:18+00:00\",\"author\":{\"@id\":\"https:\/\/portaldaacorianidade.azores.gov.pt\/#\/schema\/person\/30f08a4a879b417fb08758cfe32fa2b7\"},\"breadcrumb\":{\"@id\":\"https:\/\/portaldaacorianidade.azores.gov.pt\/en\/azorean-communities-in-canada-and-the-united-states-under-debate\/#breadcrumb\"},\"inLanguage\":\"en-US\",\"potentialAction\":[{\"@type\":\"ReadAction\",\"target\":[\"https:\/\/portaldaacorianidade.azores.gov.pt\/en\/azorean-communities-in-canada-and-the-united-states-under-debate\/\"]}]},{\"@type\":\"BreadcrumbList\",\"@id\":\"https:\/\/portaldaacorianidade.azores.gov.pt\/en\/azorean-communities-in-canada-and-the-united-states-under-debate\/#breadcrumb\",\"itemListElement\":[{\"@type\":\"ListItem\",\"position\":1,\"name\":\"Azorean communities in Canada and the United States under debate\"}]},{\"@type\":\"Person\",\"@id\":\"https:\/\/portaldaacorianidade.azores.gov.pt\/#\/schema\/person\/30f08a4a879b417fb08758cfe32fa2b7\",\"name\":\"drc\",\"image\":{\"@type\":\"ImageObject\",\"@id\":\"https:\/\/portaldaacorianidade.azores.gov.pt\/#personlogo\",\"inLanguage\":\"en-US\",\"url\":\"https:\/\/secure.gravatar.com\/avatar\/228c5f796e635a16246d2001595092bb?s=96&d=mm&r=g\",\"contentUrl\":\"https:\/\/secure.gravatar.com\/avatar\/228c5f796e635a16246d2001595092bb?s=96&d=mm&r=g\",\"caption\":\"drc\"},\"url\":\"https:\/\/portaldaacorianidade.azores.gov.pt\/en\/author\/drc\/\"}]}<\/script>\n<!-- \/ Yoast SEO plugin. -->","yoast_head_json":{"title":"Azorean communities in Canada and the United States under debate - Portal da A\u00e7orianidade - plataforma com os sites geridos pela Vice Presid\u00eancia do Governo","robots":{"index":"index","follow":"follow","max-snippet":"max-snippet:-1","max-image-preview":"max-image-preview:large","max-video-preview":"max-video-preview:-1"},"canonical":"https:\/\/portaldaacorianidade.azores.gov.pt\/en\/azorean-communities-in-canada-and-the-united-states-under-debate\/","og_locale":"en_US","og_type":"article","og_title":"Azorean communities in Canada and the United States under debate - Portal da A\u00e7orianidade - plataforma com os sites geridos pela Vice Presid\u00eancia do Governo","og_description":"The Presidency of the Regional Government, through the Regional Directorate for the Communities, is promoting two debates on the Azorean communities in Canada and the United States of America, featuring the participation of the ten Azorean Diaspora Councilors elected by the two countries. These two sessions will be held online and will be streamed on [&hellip;]","og_url":"https:\/\/portaldaacorianidade.azores.gov.pt\/en\/azorean-communities-in-canada-and-the-united-states-under-debate\/","og_site_name":"Portal da A\u00e7orianidade - plataforma com os sites geridos pela Vice Presid\u00eancia do Governo","article_published_time":"2023-06-30T12:42:24+00:00","article_modified_time":"2023-11-27T15:09:18+00:00","og_image":[{"width":1948,"height":713,"url":"https:\/\/portaldaacorianidade.azores.gov.pt\/wp-content\/uploads\/2023\/06\/debates-jpeg.png","type":"image\/png"}],"twitter_card":"summary_large_image","twitter_misc":{"Written by":"drc","Est. reading time":"1 minute"},"schema":{"@context":"https:\/\/schema.org","@graph":[{"@type":"WebSite","@id":"https:\/\/portaldaacorianidade.azores.gov.pt\/#website","url":"https:\/\/portaldaacorianidade.azores.gov.pt\/","name":"Portal da A\u00e7orianidade - plataforma com os sites geridos pela Vice Presid\u00eancia do Governo","description":" Plataforma os v\u00e1rios sites geridos pela Vice-Presid\u00eancia do Governo dos A\u00e7ores, atrav\u00e9s da Dire\u00e7\u00e3o Regional das Comunidades","potentialAction":[{"@type":"SearchAction","target":{"@type":"EntryPoint","urlTemplate":"https:\/\/portaldaacorianidade.azores.gov.pt\/?s={search_term_string}"},"query-input":"required name=search_term_string"}],"inLanguage":"en-US"},{"@type":"ImageObject","@id":"https:\/\/portaldaacorianidade.azores.gov.pt\/en\/azorean-communities-in-canada-and-the-united-states-under-debate\/#primaryimage","inLanguage":"en-US","url":"https:\/\/portaldaacorianidade.azores.gov.pt\/wp-content\/uploads\/2023\/06\/debates-jpeg.png","contentUrl":"https:\/\/portaldaacorianidade.azores.gov.pt\/wp-content\/uploads\/2023\/06\/debates-jpeg.png","width":1948,"height":713},{"@type":"WebPage","@id":"https:\/\/portaldaacorianidade.azores.gov.pt\/en\/azorean-communities-in-canada-and-the-united-states-under-debate\/#webpage","url":"https:\/\/portaldaacorianidade.azores.gov.pt\/en\/azorean-communities-in-canada-and-the-united-states-under-debate\/","name":"Azorean communities in Canada and the United States under debate - Portal da A\u00e7orianidade - plataforma com os sites geridos pela Vice Presid\u00eancia do Governo","isPartOf":{"@id":"https:\/\/portaldaacorianidade.azores.gov.pt\/#website"},"primaryImageOfPage":{"@id":"https:\/\/portaldaacorianidade.azores.gov.pt\/en\/azorean-communities-in-canada-and-the-united-states-under-debate\/#primaryimage"},"datePublished":"2023-06-30T12:42:24+00:00","dateModified":"2023-11-27T15:09:18+00:00","author":{"@id":"https:\/\/portaldaacorianidade.azores.gov.pt\/#\/schema\/person\/30f08a4a879b417fb08758cfe32fa2b7"},"breadcrumb":{"@id":"https:\/\/portaldaacorianidade.azores.gov.pt\/en\/azorean-communities-in-canada-and-the-united-states-under-debate\/#breadcrumb"},"inLanguage":"en-US","potentialAction":[{"@type":"ReadAction","target":["https:\/\/portaldaacorianidade.azores.gov.pt\/en\/azorean-communities-in-canada-and-the-united-states-under-debate\/"]}]},{"@type":"BreadcrumbList","@id":"https:\/\/portaldaacorianidade.azores.gov.pt\/en\/azorean-communities-in-canada-and-the-united-states-under-debate\/#breadcrumb","itemListElement":[{"@type":"ListItem","position":1,"name":"Azorean communities in Canada and the United States under debate"}]},{"@type":"Person","@id":"https:\/\/portaldaacorianidade.azores.gov.pt\/#\/schema\/person\/30f08a4a879b417fb08758cfe32fa2b7","name":"drc","image":{"@type":"ImageObject","@id":"https:\/\/portaldaacorianidade.azores.gov.pt\/#personlogo","inLanguage":"en-US","url":"https:\/\/secure.gravatar.com\/avatar\/228c5f796e635a16246d2001595092bb?s=96&d=mm&r=g","contentUrl":"https:\/\/secure.gravatar.com\/avatar\/228c5f796e635a16246d2001595092bb?s=96&d=mm&r=g","caption":"drc"},"url":"https:\/\/portaldaacorianidade.azores.gov.pt\/en\/author\/drc\/"}]}},"_links":{"self":[{"href":"https:\/\/portaldaacorianidade.azores.gov.pt\/en\/wp-json\/wp\/v2\/posts\/4533"}],"collection":[{"href":"https:\/\/portaldaacorianidade.azores.gov.pt\/en\/wp-json\/wp\/v2\/posts"}],"about":[{"href":"https:\/\/portaldaacorianidade.azores.gov.pt\/en\/wp-json\/wp\/v2\/types\/post"}],"author":[{"embeddable":true,"href":"https:\/\/portaldaacorianidade.azores.gov.pt\/en\/wp-json\/wp\/v2\/users\/3"}],"replies":[{"embeddable":true,"href":"https:\/\/portaldaacorianidade.azores.gov.pt\/en\/wp-json\/wp\/v2\/comments?post=4533"}],"version-history":[{"count":1,"href":"https:\/\/portaldaacorianidade.azores.gov.pt\/en\/wp-json\/wp\/v2\/posts\/4533\/revisions"}],"predecessor-version":[{"id":4534,"href":"https:\/\/portaldaacorianidade.azores.gov.pt\/en\/wp-json\/wp\/v2\/posts\/4533\/revisions\/4534"}],"wp:featuredmedia":[{"embeddable":true,"href":"https:\/\/portaldaacorianidade.azores.gov.pt\/en\/wp-json\/wp\/v2\/media\/4538"}],"wp:attachment":[{"href":"https:\/\/portaldaacorianidade.azores.gov.pt\/en\/wp-json\/wp\/v2\/media?parent=4533"}],"wp:term":[{"taxonomy":"category","embeddable":true,"href":"https:\/\/portaldaacorianidade.azores.gov.pt\/en\/wp-json\/wp\/v2\/categories?post=4533"},{"taxonomy":"post_tag","embeddable":true,"href":"https:\/\/portaldaacorianidade.azores.gov.pt\/en\/wp-json\/wp\/v2\/tags?post=4533"}],"curies":[{"name":"wp","href":"https:\/\/api.w.org\/{rel}","templated":true}]}}