{"id":4507,"date":"2023-06-21T14:14:02","date_gmt":"2023-06-21T14:14:02","guid":{"rendered":"https:\/\/portaldaacorianidade.azores.gov.pt\/?p=4507"},"modified":"2023-10-27T09:45:02","modified_gmt":"2023-10-27T09:45:02","slug":"literary-contest-honours-text-highlighting-sao-miguel-as-safe-haven-from-war","status":"publish","type":"post","link":"https:\/\/portaldaacorianidade.azores.gov.pt\/en\/literary-contest-honours-text-highlighting-sao-miguel-as-safe-haven-from-war\/","title":{"rendered":"Literary contest honours text highlighting S\u00e3o Miguel as safe haven from war"},"content":{"rendered":"<p>The &#8220;Saudades da Terra&#8221; literary contests has awarded an honourable mention to the text titled as &#8220;A ilha de S\u00e3o Miguel \u00e9 exactamente o local onde apetece voltar&#8221; (The island of S\u00e3o Miguel is exactly the place to where one would like to return), written by Anzhelika Chyrka, a Ukrainian citizen living on this Azorean island.<\/p>\n<p>Saudades da Terra&#8221; was launched by the Regional Government, through the Regional Directorate for the Communities, with the aim of promoting interculturality and encouraging greater knowledge about the immigrant communities in the Region, through literary texts written in the participants&#8217; mother tongue.<\/p>\n<p>In this experimental edition, seven literary texts produced by immigrants from several countries were submitted to the jury, composed of writer Pedro Almeida Maia, poet Eleonora Marino Duarte and journalist Paulo Sim\u00f5es.<\/p>\n<p>The jury has decided to award an honourable mention to the aforementioned text as it is &#8220;a moving narrative about a safe haven from war. &#8220;Moreover, it is also a testimonial to immigration in the Azores&#8221; as well as &#8220;a personal perspective on the host land.&#8221;<\/p>\n<p>As regards the awarding of the contest prize, an air ticket for two people on any international route operated by SATA, the jury considered that there was no literary production of sufficient quality, and therefore unanimously decided not to award any of the texts in competition.<\/p>\n<p>As such, the Regional Directorate for the Communities and its partner, SATA, have decided that the same award will be valid for the second edition of the &#8220;Saudades da Terra&#8221; literary contest, scheduled for the first half of next year.<\/p>\n","protected":false},"excerpt":{"rendered":"<p>The &#8220;Saudades da Terra&#8221; literary contests has awarded an honourable mention to the text titled as &#8220;A ilha de S\u00e3o Miguel \u00e9 exactamente o local onde apetece voltar&#8221; (The island of S\u00e3o Miguel is exactly the place to where one would like to return), written by Anzhelika Chyrka, a Ukrainian citizen living on this Azorean [&hellip;]<\/p>\n","protected":false},"author":3,"featured_media":4504,"comment_status":"closed","ping_status":"closed","sticky":false,"template":"","format":"standard","meta":[],"categories":[32],"tags":[],"yoast_head":"<!-- This site is optimized with the Yoast SEO plugin v17.3 - https:\/\/yoast.com\/wordpress\/plugins\/seo\/ -->\n<title>Literary contest honours text highlighting S\u00e3o Miguel as safe haven from war - Portal da A\u00e7orianidade - plataforma com os sites geridos pela Vice Presid\u00eancia do Governo<\/title>\n<meta name=\"robots\" content=\"index, follow, max-snippet:-1, max-image-preview:large, max-video-preview:-1\" \/>\n<link rel=\"canonical\" href=\"https:\/\/portaldaacorianidade.azores.gov.pt\/en\/literary-contest-honours-text-highlighting-sao-miguel-as-safe-haven-from-war\/\" \/>\n<meta property=\"og:locale\" content=\"en_US\" \/>\n<meta property=\"og:type\" content=\"article\" \/>\n<meta property=\"og:title\" content=\"Literary contest honours text highlighting S\u00e3o Miguel as safe haven from war - Portal da A\u00e7orianidade - plataforma com os sites geridos pela Vice Presid\u00eancia do Governo\" \/>\n<meta property=\"og:description\" content=\"The &#8220;Saudades da Terra&#8221; literary contests has awarded an honourable mention to the text titled as &#8220;A ilha de S\u00e3o Miguel \u00e9 exactamente o local onde apetece voltar&#8221; (The island of S\u00e3o Miguel is exactly the place to where one would like to return), written by Anzhelika Chyrka, a Ukrainian citizen living on this Azorean [&hellip;]\" \/>\n<meta property=\"og:url\" content=\"https:\/\/portaldaacorianidade.azores.gov.pt\/en\/literary-contest-honours-text-highlighting-sao-miguel-as-safe-haven-from-war\/\" \/>\n<meta property=\"og:site_name\" content=\"Portal da A\u00e7orianidade - plataforma com os sites geridos pela Vice Presid\u00eancia do Governo\" \/>\n<meta property=\"article:published_time\" content=\"2023-06-21T14:14:02+00:00\" \/>\n<meta property=\"article:modified_time\" content=\"2023-10-27T09:45:02+00:00\" \/>\n<meta property=\"og:image\" content=\"https:\/\/portaldaacorianidade.azores.gov.pt\/wp-content\/uploads\/2023\/06\/ST-versao-PT-scaled.jpg\" \/>\n\t<meta property=\"og:image:width\" content=\"2560\" \/>\n\t<meta property=\"og:image:height\" content=\"1439\" \/>\n<meta name=\"twitter:card\" content=\"summary_large_image\" \/>\n<meta name=\"twitter:label1\" content=\"Written by\" \/>\n\t<meta name=\"twitter:data1\" content=\"drc\" \/>\n\t<meta name=\"twitter:label2\" content=\"Est. reading time\" \/>\n\t<meta name=\"twitter:data2\" content=\"1 minute\" \/>\n<script type=\"application\/ld+json\" class=\"yoast-schema-graph\">{\"@context\":\"https:\/\/schema.org\",\"@graph\":[{\"@type\":\"WebSite\",\"@id\":\"https:\/\/portaldaacorianidade.azores.gov.pt\/#website\",\"url\":\"https:\/\/portaldaacorianidade.azores.gov.pt\/\",\"name\":\"Portal da A\\u00e7orianidade - plataforma com os sites geridos pela Vice Presid\\u00eancia do Governo\",\"description\":\" Plataforma os v\\u00e1rios sites geridos pela Vice-Presid\\u00eancia do Governo dos A\\u00e7ores, atrav\\u00e9s da Dire\\u00e7\\u00e3o Regional das Comunidades\",\"potentialAction\":[{\"@type\":\"SearchAction\",\"target\":{\"@type\":\"EntryPoint\",\"urlTemplate\":\"https:\/\/portaldaacorianidade.azores.gov.pt\/?s={search_term_string}\"},\"query-input\":\"required name=search_term_string\"}],\"inLanguage\":\"en-US\"},{\"@type\":\"ImageObject\",\"@id\":\"https:\/\/portaldaacorianidade.azores.gov.pt\/en\/literary-contest-honours-text-highlighting-sao-miguel-as-safe-haven-from-war\/#primaryimage\",\"inLanguage\":\"en-US\",\"url\":\"https:\/\/portaldaacorianidade.azores.gov.pt\/wp-content\/uploads\/2023\/06\/ST-versao-PT-scaled.jpg\",\"contentUrl\":\"https:\/\/portaldaacorianidade.azores.gov.pt\/wp-content\/uploads\/2023\/06\/ST-versao-PT-scaled.jpg\",\"width\":2560,\"height\":1439},{\"@type\":\"WebPage\",\"@id\":\"https:\/\/portaldaacorianidade.azores.gov.pt\/en\/literary-contest-honours-text-highlighting-sao-miguel-as-safe-haven-from-war\/#webpage\",\"url\":\"https:\/\/portaldaacorianidade.azores.gov.pt\/en\/literary-contest-honours-text-highlighting-sao-miguel-as-safe-haven-from-war\/\",\"name\":\"Literary contest honours text highlighting S\\u00e3o Miguel as safe haven from war - Portal da A\\u00e7orianidade - plataforma com os sites geridos pela Vice Presid\\u00eancia do Governo\",\"isPartOf\":{\"@id\":\"https:\/\/portaldaacorianidade.azores.gov.pt\/#website\"},\"primaryImageOfPage\":{\"@id\":\"https:\/\/portaldaacorianidade.azores.gov.pt\/en\/literary-contest-honours-text-highlighting-sao-miguel-as-safe-haven-from-war\/#primaryimage\"},\"datePublished\":\"2023-06-21T14:14:02+00:00\",\"dateModified\":\"2023-10-27T09:45:02+00:00\",\"author\":{\"@id\":\"https:\/\/portaldaacorianidade.azores.gov.pt\/#\/schema\/person\/30f08a4a879b417fb08758cfe32fa2b7\"},\"breadcrumb\":{\"@id\":\"https:\/\/portaldaacorianidade.azores.gov.pt\/en\/literary-contest-honours-text-highlighting-sao-miguel-as-safe-haven-from-war\/#breadcrumb\"},\"inLanguage\":\"en-US\",\"potentialAction\":[{\"@type\":\"ReadAction\",\"target\":[\"https:\/\/portaldaacorianidade.azores.gov.pt\/en\/literary-contest-honours-text-highlighting-sao-miguel-as-safe-haven-from-war\/\"]}]},{\"@type\":\"BreadcrumbList\",\"@id\":\"https:\/\/portaldaacorianidade.azores.gov.pt\/en\/literary-contest-honours-text-highlighting-sao-miguel-as-safe-haven-from-war\/#breadcrumb\",\"itemListElement\":[{\"@type\":\"ListItem\",\"position\":1,\"name\":\"Literary contest honours text highlighting S\\u00e3o Miguel as safe haven from war\"}]},{\"@type\":\"Person\",\"@id\":\"https:\/\/portaldaacorianidade.azores.gov.pt\/#\/schema\/person\/30f08a4a879b417fb08758cfe32fa2b7\",\"name\":\"drc\",\"image\":{\"@type\":\"ImageObject\",\"@id\":\"https:\/\/portaldaacorianidade.azores.gov.pt\/#personlogo\",\"inLanguage\":\"en-US\",\"url\":\"https:\/\/secure.gravatar.com\/avatar\/228c5f796e635a16246d2001595092bb?s=96&d=mm&r=g\",\"contentUrl\":\"https:\/\/secure.gravatar.com\/avatar\/228c5f796e635a16246d2001595092bb?s=96&d=mm&r=g\",\"caption\":\"drc\"},\"url\":\"https:\/\/portaldaacorianidade.azores.gov.pt\/en\/author\/drc\/\"}]}<\/script>\n<!-- \/ Yoast SEO plugin. -->","yoast_head_json":{"title":"Literary contest honours text highlighting S\u00e3o Miguel as safe haven from war - Portal da A\u00e7orianidade - plataforma com os sites geridos pela Vice Presid\u00eancia do Governo","robots":{"index":"index","follow":"follow","max-snippet":"max-snippet:-1","max-image-preview":"max-image-preview:large","max-video-preview":"max-video-preview:-1"},"canonical":"https:\/\/portaldaacorianidade.azores.gov.pt\/en\/literary-contest-honours-text-highlighting-sao-miguel-as-safe-haven-from-war\/","og_locale":"en_US","og_type":"article","og_title":"Literary contest honours text highlighting S\u00e3o Miguel as safe haven from war - Portal da A\u00e7orianidade - plataforma com os sites geridos pela Vice Presid\u00eancia do Governo","og_description":"The &#8220;Saudades da Terra&#8221; literary contests has awarded an honourable mention to the text titled as &#8220;A ilha de S\u00e3o Miguel \u00e9 exactamente o local onde apetece voltar&#8221; (The island of S\u00e3o Miguel is exactly the place to where one would like to return), written by Anzhelika Chyrka, a Ukrainian citizen living on this Azorean [&hellip;]","og_url":"https:\/\/portaldaacorianidade.azores.gov.pt\/en\/literary-contest-honours-text-highlighting-sao-miguel-as-safe-haven-from-war\/","og_site_name":"Portal da A\u00e7orianidade - plataforma com os sites geridos pela Vice Presid\u00eancia do Governo","article_published_time":"2023-06-21T14:14:02+00:00","article_modified_time":"2023-10-27T09:45:02+00:00","og_image":[{"width":2560,"height":1439,"url":"https:\/\/portaldaacorianidade.azores.gov.pt\/wp-content\/uploads\/2023\/06\/ST-versao-PT-scaled.jpg","type":"image\/jpeg"}],"twitter_card":"summary_large_image","twitter_misc":{"Written by":"drc","Est. reading time":"1 minute"},"schema":{"@context":"https:\/\/schema.org","@graph":[{"@type":"WebSite","@id":"https:\/\/portaldaacorianidade.azores.gov.pt\/#website","url":"https:\/\/portaldaacorianidade.azores.gov.pt\/","name":"Portal da A\u00e7orianidade - plataforma com os sites geridos pela Vice Presid\u00eancia do Governo","description":" Plataforma os v\u00e1rios sites geridos pela Vice-Presid\u00eancia do Governo dos A\u00e7ores, atrav\u00e9s da Dire\u00e7\u00e3o Regional das Comunidades","potentialAction":[{"@type":"SearchAction","target":{"@type":"EntryPoint","urlTemplate":"https:\/\/portaldaacorianidade.azores.gov.pt\/?s={search_term_string}"},"query-input":"required name=search_term_string"}],"inLanguage":"en-US"},{"@type":"ImageObject","@id":"https:\/\/portaldaacorianidade.azores.gov.pt\/en\/literary-contest-honours-text-highlighting-sao-miguel-as-safe-haven-from-war\/#primaryimage","inLanguage":"en-US","url":"https:\/\/portaldaacorianidade.azores.gov.pt\/wp-content\/uploads\/2023\/06\/ST-versao-PT-scaled.jpg","contentUrl":"https:\/\/portaldaacorianidade.azores.gov.pt\/wp-content\/uploads\/2023\/06\/ST-versao-PT-scaled.jpg","width":2560,"height":1439},{"@type":"WebPage","@id":"https:\/\/portaldaacorianidade.azores.gov.pt\/en\/literary-contest-honours-text-highlighting-sao-miguel-as-safe-haven-from-war\/#webpage","url":"https:\/\/portaldaacorianidade.azores.gov.pt\/en\/literary-contest-honours-text-highlighting-sao-miguel-as-safe-haven-from-war\/","name":"Literary contest honours text highlighting S\u00e3o Miguel as safe haven from war - Portal da A\u00e7orianidade - plataforma com os sites geridos pela Vice Presid\u00eancia do Governo","isPartOf":{"@id":"https:\/\/portaldaacorianidade.azores.gov.pt\/#website"},"primaryImageOfPage":{"@id":"https:\/\/portaldaacorianidade.azores.gov.pt\/en\/literary-contest-honours-text-highlighting-sao-miguel-as-safe-haven-from-war\/#primaryimage"},"datePublished":"2023-06-21T14:14:02+00:00","dateModified":"2023-10-27T09:45:02+00:00","author":{"@id":"https:\/\/portaldaacorianidade.azores.gov.pt\/#\/schema\/person\/30f08a4a879b417fb08758cfe32fa2b7"},"breadcrumb":{"@id":"https:\/\/portaldaacorianidade.azores.gov.pt\/en\/literary-contest-honours-text-highlighting-sao-miguel-as-safe-haven-from-war\/#breadcrumb"},"inLanguage":"en-US","potentialAction":[{"@type":"ReadAction","target":["https:\/\/portaldaacorianidade.azores.gov.pt\/en\/literary-contest-honours-text-highlighting-sao-miguel-as-safe-haven-from-war\/"]}]},{"@type":"BreadcrumbList","@id":"https:\/\/portaldaacorianidade.azores.gov.pt\/en\/literary-contest-honours-text-highlighting-sao-miguel-as-safe-haven-from-war\/#breadcrumb","itemListElement":[{"@type":"ListItem","position":1,"name":"Literary contest honours text highlighting S\u00e3o Miguel as safe haven from war"}]},{"@type":"Person","@id":"https:\/\/portaldaacorianidade.azores.gov.pt\/#\/schema\/person\/30f08a4a879b417fb08758cfe32fa2b7","name":"drc","image":{"@type":"ImageObject","@id":"https:\/\/portaldaacorianidade.azores.gov.pt\/#personlogo","inLanguage":"en-US","url":"https:\/\/secure.gravatar.com\/avatar\/228c5f796e635a16246d2001595092bb?s=96&d=mm&r=g","contentUrl":"https:\/\/secure.gravatar.com\/avatar\/228c5f796e635a16246d2001595092bb?s=96&d=mm&r=g","caption":"drc"},"url":"https:\/\/portaldaacorianidade.azores.gov.pt\/en\/author\/drc\/"}]}},"_links":{"self":[{"href":"https:\/\/portaldaacorianidade.azores.gov.pt\/en\/wp-json\/wp\/v2\/posts\/4507"}],"collection":[{"href":"https:\/\/portaldaacorianidade.azores.gov.pt\/en\/wp-json\/wp\/v2\/posts"}],"about":[{"href":"https:\/\/portaldaacorianidade.azores.gov.pt\/en\/wp-json\/wp\/v2\/types\/post"}],"author":[{"embeddable":true,"href":"https:\/\/portaldaacorianidade.azores.gov.pt\/en\/wp-json\/wp\/v2\/users\/3"}],"replies":[{"embeddable":true,"href":"https:\/\/portaldaacorianidade.azores.gov.pt\/en\/wp-json\/wp\/v2\/comments?post=4507"}],"version-history":[{"count":1,"href":"https:\/\/portaldaacorianidade.azores.gov.pt\/en\/wp-json\/wp\/v2\/posts\/4507\/revisions"}],"predecessor-version":[{"id":4508,"href":"https:\/\/portaldaacorianidade.azores.gov.pt\/en\/wp-json\/wp\/v2\/posts\/4507\/revisions\/4508"}],"wp:featuredmedia":[{"embeddable":true,"href":"https:\/\/portaldaacorianidade.azores.gov.pt\/en\/wp-json\/wp\/v2\/media\/4504"}],"wp:attachment":[{"href":"https:\/\/portaldaacorianidade.azores.gov.pt\/en\/wp-json\/wp\/v2\/media?parent=4507"}],"wp:term":[{"taxonomy":"category","embeddable":true,"href":"https:\/\/portaldaacorianidade.azores.gov.pt\/en\/wp-json\/wp\/v2\/categories?post=4507"},{"taxonomy":"post_tag","embeddable":true,"href":"https:\/\/portaldaacorianidade.azores.gov.pt\/en\/wp-json\/wp\/v2\/tags?post=4507"}],"curies":[{"name":"wp","href":"https:\/\/api.w.org\/{rel}","templated":true}]}}