{"id":4455,"date":"2023-05-25T15:10:50","date_gmt":"2023-05-25T15:10:50","guid":{"rendered":"https:\/\/portaldaacorianidade.azores.gov.pt\/?p=4455"},"modified":"2023-06-15T14:29:59","modified_gmt":"2023-06-15T14:29:59","slug":"regional-government-launches-photo-contest-for-azorean-communities","status":"publish","type":"post","link":"https:\/\/portaldaacorianidade.azores.gov.pt\/en\/regional-government-launches-photo-contest-for-azorean-communities\/","title":{"rendered":"Regional Government launches photo contest for Azorean communities"},"content":{"rendered":"<p>The Presidency of the Regional Government, through the Regional Directorate for the Communities, is promoting the &#8220;The Island and the World&#8221; photography contest, which aims to show the countries and cities of the world where Azoreans and Azorean descendants live.<\/p>\n<p>The initiative, which has SATA Azores Airlines as partner, is aimed at Azoreans and their descendants who are 18 years or older and who have been living outside the Azores for at least five years. They are also required to be registered on the Azoreans in the World platform (<a href=\"https:\/\/acorianosnomundo.azores.gov.pt\/\">https:\/\/acorianosnomundo.azores.gov.pt\/<\/a>).<\/p>\n<p>Those interested should apply on an individual basis and submit up to five photos that portray and\/or link\u00a0aspects of Azorean culture to their current territory of residence.<\/p>\n<p>The winner will be awarded an air ticket for two people, with departure from any of the airports outside the Region where SATA operates to one of the Azorean airports of their choice.<\/p>\n<p>The competition jury will comprise Gabriela Pontes, president of the Azores Amateur Photographers&#8217; Association, and professional photographers Lu\u00eds Godinho, from Terceira Island, and Pepe Brix, from Santa Maria Island.<\/p>\n<p>Applications should be submitted between June 1 and September 30, 2023, using the appropriate form, to the email address\u00a0<a href=\"mailto:ailhaeomundo.drc@azores.gov.pt\" target=\"\" rel=\"noopener\">ailhaeomundo.drc@azores.gov.pt<\/a>.<\/p>\n<p>The rules, application form and other information are available for consultation on the Regional Directorate for the Communities page on the Azores Government Portal at\u00a0<a href=\"https:\/\/bit.ly\/45lAQ4Z\" target=\"\" rel=\"noopener\">https:\/\/bit.ly\/45lAQ4Z<\/a>.<\/p>\n<p>The Azoreans in the World platform is aimed at anyone living outside the Azores Autonomous Region who meets at least one of the conditions set out in paragraphs 3 and 4 of Article 5 of the Regional Legislative Decree no. 18\/2019\/A, i.e. those who were born in the Azores, or who are of Azorean descent, or who have resided in the Azores for a minimum of five years, or who are the spouse or civil partner of the persons referred to above.<\/p>\n","protected":false},"excerpt":{"rendered":"<p>The Presidency of the Regional Government, through the Regional Directorate for the Communities, is promoting the &#8220;The Island and the World&#8221; photography contest, which aims to show the countries and cities of the world where Azoreans and Azorean descendants live. The initiative, which has SATA Azores Airlines as partner, is aimed at Azoreans and their [&hellip;]<\/p>\n","protected":false},"author":3,"featured_media":4453,"comment_status":"closed","ping_status":"closed","sticky":false,"template":"","format":"standard","meta":[],"categories":[32],"tags":[],"yoast_head":"<!-- This site is optimized with the Yoast SEO plugin v17.3 - https:\/\/yoast.com\/wordpress\/plugins\/seo\/ -->\n<title>Regional Government launches photo contest for Azorean communities - Portal da A\u00e7orianidade - plataforma com os sites geridos pela Vice Presid\u00eancia do Governo<\/title>\n<meta name=\"robots\" content=\"index, follow, max-snippet:-1, max-image-preview:large, max-video-preview:-1\" \/>\n<link rel=\"canonical\" href=\"https:\/\/portaldaacorianidade.azores.gov.pt\/en\/regional-government-launches-photo-contest-for-azorean-communities\/\" \/>\n<meta property=\"og:locale\" content=\"en_US\" \/>\n<meta property=\"og:type\" content=\"article\" \/>\n<meta property=\"og:title\" content=\"Regional Government launches photo contest for Azorean communities - Portal da A\u00e7orianidade - plataforma com os sites geridos pela Vice Presid\u00eancia do Governo\" \/>\n<meta property=\"og:description\" content=\"The Presidency of the Regional Government, through the Regional Directorate for the Communities, is promoting the &#8220;The Island and the World&#8221; photography contest, which aims to show the countries and cities of the world where Azoreans and Azorean descendants live. The initiative, which has SATA Azores Airlines as partner, is aimed at Azoreans and their [&hellip;]\" \/>\n<meta property=\"og:url\" content=\"https:\/\/portaldaacorianidade.azores.gov.pt\/en\/regional-government-launches-photo-contest-for-azorean-communities\/\" \/>\n<meta property=\"og:site_name\" content=\"Portal da A\u00e7orianidade - plataforma com os sites geridos pela Vice Presid\u00eancia do Governo\" \/>\n<meta property=\"article:published_time\" content=\"2023-05-25T15:10:50+00:00\" \/>\n<meta property=\"article:modified_time\" content=\"2023-06-15T14:29:59+00:00\" \/>\n<meta property=\"og:image\" content=\"https:\/\/portaldaacorianidade.azores.gov.pt\/wp-content\/uploads\/2023\/05\/A-Ilha-e-o-Mundo-2.png\" \/>\n\t<meta property=\"og:image:width\" content=\"940\" \/>\n\t<meta property=\"og:image:height\" content=\"788\" \/>\n<meta name=\"twitter:card\" content=\"summary_large_image\" \/>\n<meta name=\"twitter:label1\" content=\"Written by\" \/>\n\t<meta name=\"twitter:data1\" content=\"drc\" \/>\n\t<meta name=\"twitter:label2\" content=\"Est. reading time\" \/>\n\t<meta name=\"twitter:data2\" content=\"2 minutes\" \/>\n<script type=\"application\/ld+json\" class=\"yoast-schema-graph\">{\"@context\":\"https:\/\/schema.org\",\"@graph\":[{\"@type\":\"WebSite\",\"@id\":\"https:\/\/portaldaacorianidade.azores.gov.pt\/#website\",\"url\":\"https:\/\/portaldaacorianidade.azores.gov.pt\/\",\"name\":\"Portal da A\\u00e7orianidade - plataforma com os sites geridos pela Vice Presid\\u00eancia do Governo\",\"description\":\" Plataforma os v\\u00e1rios sites geridos pela Vice-Presid\\u00eancia do Governo dos A\\u00e7ores, atrav\\u00e9s da Dire\\u00e7\\u00e3o Regional das Comunidades\",\"potentialAction\":[{\"@type\":\"SearchAction\",\"target\":{\"@type\":\"EntryPoint\",\"urlTemplate\":\"https:\/\/portaldaacorianidade.azores.gov.pt\/?s={search_term_string}\"},\"query-input\":\"required name=search_term_string\"}],\"inLanguage\":\"en-US\"},{\"@type\":\"ImageObject\",\"@id\":\"https:\/\/portaldaacorianidade.azores.gov.pt\/en\/regional-government-launches-photo-contest-for-azorean-communities\/#primaryimage\",\"inLanguage\":\"en-US\",\"url\":\"https:\/\/portaldaacorianidade.azores.gov.pt\/wp-content\/uploads\/2023\/05\/A-Ilha-e-o-Mundo-2.png\",\"contentUrl\":\"https:\/\/portaldaacorianidade.azores.gov.pt\/wp-content\/uploads\/2023\/05\/A-Ilha-e-o-Mundo-2.png\",\"width\":940,\"height\":788},{\"@type\":\"WebPage\",\"@id\":\"https:\/\/portaldaacorianidade.azores.gov.pt\/en\/regional-government-launches-photo-contest-for-azorean-communities\/#webpage\",\"url\":\"https:\/\/portaldaacorianidade.azores.gov.pt\/en\/regional-government-launches-photo-contest-for-azorean-communities\/\",\"name\":\"Regional Government launches photo contest for Azorean communities - Portal da A\\u00e7orianidade - plataforma com os sites geridos pela Vice Presid\\u00eancia do Governo\",\"isPartOf\":{\"@id\":\"https:\/\/portaldaacorianidade.azores.gov.pt\/#website\"},\"primaryImageOfPage\":{\"@id\":\"https:\/\/portaldaacorianidade.azores.gov.pt\/en\/regional-government-launches-photo-contest-for-azorean-communities\/#primaryimage\"},\"datePublished\":\"2023-05-25T15:10:50+00:00\",\"dateModified\":\"2023-06-15T14:29:59+00:00\",\"author\":{\"@id\":\"https:\/\/portaldaacorianidade.azores.gov.pt\/#\/schema\/person\/30f08a4a879b417fb08758cfe32fa2b7\"},\"breadcrumb\":{\"@id\":\"https:\/\/portaldaacorianidade.azores.gov.pt\/en\/regional-government-launches-photo-contest-for-azorean-communities\/#breadcrumb\"},\"inLanguage\":\"en-US\",\"potentialAction\":[{\"@type\":\"ReadAction\",\"target\":[\"https:\/\/portaldaacorianidade.azores.gov.pt\/en\/regional-government-launches-photo-contest-for-azorean-communities\/\"]}]},{\"@type\":\"BreadcrumbList\",\"@id\":\"https:\/\/portaldaacorianidade.azores.gov.pt\/en\/regional-government-launches-photo-contest-for-azorean-communities\/#breadcrumb\",\"itemListElement\":[{\"@type\":\"ListItem\",\"position\":1,\"name\":\"Regional Government launches photo contest for Azorean communities\"}]},{\"@type\":\"Person\",\"@id\":\"https:\/\/portaldaacorianidade.azores.gov.pt\/#\/schema\/person\/30f08a4a879b417fb08758cfe32fa2b7\",\"name\":\"drc\",\"image\":{\"@type\":\"ImageObject\",\"@id\":\"https:\/\/portaldaacorianidade.azores.gov.pt\/#personlogo\",\"inLanguage\":\"en-US\",\"url\":\"https:\/\/secure.gravatar.com\/avatar\/228c5f796e635a16246d2001595092bb?s=96&d=mm&r=g\",\"contentUrl\":\"https:\/\/secure.gravatar.com\/avatar\/228c5f796e635a16246d2001595092bb?s=96&d=mm&r=g\",\"caption\":\"drc\"},\"url\":\"https:\/\/portaldaacorianidade.azores.gov.pt\/en\/author\/drc\/\"}]}<\/script>\n<!-- \/ Yoast SEO plugin. -->","yoast_head_json":{"title":"Regional Government launches photo contest for Azorean communities - Portal da A\u00e7orianidade - plataforma com os sites geridos pela Vice Presid\u00eancia do Governo","robots":{"index":"index","follow":"follow","max-snippet":"max-snippet:-1","max-image-preview":"max-image-preview:large","max-video-preview":"max-video-preview:-1"},"canonical":"https:\/\/portaldaacorianidade.azores.gov.pt\/en\/regional-government-launches-photo-contest-for-azorean-communities\/","og_locale":"en_US","og_type":"article","og_title":"Regional Government launches photo contest for Azorean communities - Portal da A\u00e7orianidade - plataforma com os sites geridos pela Vice Presid\u00eancia do Governo","og_description":"The Presidency of the Regional Government, through the Regional Directorate for the Communities, is promoting the &#8220;The Island and the World&#8221; photography contest, which aims to show the countries and cities of the world where Azoreans and Azorean descendants live. The initiative, which has SATA Azores Airlines as partner, is aimed at Azoreans and their [&hellip;]","og_url":"https:\/\/portaldaacorianidade.azores.gov.pt\/en\/regional-government-launches-photo-contest-for-azorean-communities\/","og_site_name":"Portal da A\u00e7orianidade - plataforma com os sites geridos pela Vice Presid\u00eancia do Governo","article_published_time":"2023-05-25T15:10:50+00:00","article_modified_time":"2023-06-15T14:29:59+00:00","og_image":[{"width":940,"height":788,"url":"https:\/\/portaldaacorianidade.azores.gov.pt\/wp-content\/uploads\/2023\/05\/A-Ilha-e-o-Mundo-2.png","type":"image\/png"}],"twitter_card":"summary_large_image","twitter_misc":{"Written by":"drc","Est. reading time":"2 minutes"},"schema":{"@context":"https:\/\/schema.org","@graph":[{"@type":"WebSite","@id":"https:\/\/portaldaacorianidade.azores.gov.pt\/#website","url":"https:\/\/portaldaacorianidade.azores.gov.pt\/","name":"Portal da A\u00e7orianidade - plataforma com os sites geridos pela Vice Presid\u00eancia do Governo","description":" Plataforma os v\u00e1rios sites geridos pela Vice-Presid\u00eancia do Governo dos A\u00e7ores, atrav\u00e9s da Dire\u00e7\u00e3o Regional das Comunidades","potentialAction":[{"@type":"SearchAction","target":{"@type":"EntryPoint","urlTemplate":"https:\/\/portaldaacorianidade.azores.gov.pt\/?s={search_term_string}"},"query-input":"required name=search_term_string"}],"inLanguage":"en-US"},{"@type":"ImageObject","@id":"https:\/\/portaldaacorianidade.azores.gov.pt\/en\/regional-government-launches-photo-contest-for-azorean-communities\/#primaryimage","inLanguage":"en-US","url":"https:\/\/portaldaacorianidade.azores.gov.pt\/wp-content\/uploads\/2023\/05\/A-Ilha-e-o-Mundo-2.png","contentUrl":"https:\/\/portaldaacorianidade.azores.gov.pt\/wp-content\/uploads\/2023\/05\/A-Ilha-e-o-Mundo-2.png","width":940,"height":788},{"@type":"WebPage","@id":"https:\/\/portaldaacorianidade.azores.gov.pt\/en\/regional-government-launches-photo-contest-for-azorean-communities\/#webpage","url":"https:\/\/portaldaacorianidade.azores.gov.pt\/en\/regional-government-launches-photo-contest-for-azorean-communities\/","name":"Regional Government launches photo contest for Azorean communities - Portal da A\u00e7orianidade - plataforma com os sites geridos pela Vice Presid\u00eancia do Governo","isPartOf":{"@id":"https:\/\/portaldaacorianidade.azores.gov.pt\/#website"},"primaryImageOfPage":{"@id":"https:\/\/portaldaacorianidade.azores.gov.pt\/en\/regional-government-launches-photo-contest-for-azorean-communities\/#primaryimage"},"datePublished":"2023-05-25T15:10:50+00:00","dateModified":"2023-06-15T14:29:59+00:00","author":{"@id":"https:\/\/portaldaacorianidade.azores.gov.pt\/#\/schema\/person\/30f08a4a879b417fb08758cfe32fa2b7"},"breadcrumb":{"@id":"https:\/\/portaldaacorianidade.azores.gov.pt\/en\/regional-government-launches-photo-contest-for-azorean-communities\/#breadcrumb"},"inLanguage":"en-US","potentialAction":[{"@type":"ReadAction","target":["https:\/\/portaldaacorianidade.azores.gov.pt\/en\/regional-government-launches-photo-contest-for-azorean-communities\/"]}]},{"@type":"BreadcrumbList","@id":"https:\/\/portaldaacorianidade.azores.gov.pt\/en\/regional-government-launches-photo-contest-for-azorean-communities\/#breadcrumb","itemListElement":[{"@type":"ListItem","position":1,"name":"Regional Government launches photo contest for Azorean communities"}]},{"@type":"Person","@id":"https:\/\/portaldaacorianidade.azores.gov.pt\/#\/schema\/person\/30f08a4a879b417fb08758cfe32fa2b7","name":"drc","image":{"@type":"ImageObject","@id":"https:\/\/portaldaacorianidade.azores.gov.pt\/#personlogo","inLanguage":"en-US","url":"https:\/\/secure.gravatar.com\/avatar\/228c5f796e635a16246d2001595092bb?s=96&d=mm&r=g","contentUrl":"https:\/\/secure.gravatar.com\/avatar\/228c5f796e635a16246d2001595092bb?s=96&d=mm&r=g","caption":"drc"},"url":"https:\/\/portaldaacorianidade.azores.gov.pt\/en\/author\/drc\/"}]}},"_links":{"self":[{"href":"https:\/\/portaldaacorianidade.azores.gov.pt\/en\/wp-json\/wp\/v2\/posts\/4455"}],"collection":[{"href":"https:\/\/portaldaacorianidade.azores.gov.pt\/en\/wp-json\/wp\/v2\/posts"}],"about":[{"href":"https:\/\/portaldaacorianidade.azores.gov.pt\/en\/wp-json\/wp\/v2\/types\/post"}],"author":[{"embeddable":true,"href":"https:\/\/portaldaacorianidade.azores.gov.pt\/en\/wp-json\/wp\/v2\/users\/3"}],"replies":[{"embeddable":true,"href":"https:\/\/portaldaacorianidade.azores.gov.pt\/en\/wp-json\/wp\/v2\/comments?post=4455"}],"version-history":[{"count":1,"href":"https:\/\/portaldaacorianidade.azores.gov.pt\/en\/wp-json\/wp\/v2\/posts\/4455\/revisions"}],"predecessor-version":[{"id":4456,"href":"https:\/\/portaldaacorianidade.azores.gov.pt\/en\/wp-json\/wp\/v2\/posts\/4455\/revisions\/4456"}],"wp:featuredmedia":[{"embeddable":true,"href":"https:\/\/portaldaacorianidade.azores.gov.pt\/en\/wp-json\/wp\/v2\/media\/4453"}],"wp:attachment":[{"href":"https:\/\/portaldaacorianidade.azores.gov.pt\/en\/wp-json\/wp\/v2\/media?parent=4455"}],"wp:term":[{"taxonomy":"category","embeddable":true,"href":"https:\/\/portaldaacorianidade.azores.gov.pt\/en\/wp-json\/wp\/v2\/categories?post=4455"},{"taxonomy":"post_tag","embeddable":true,"href":"https:\/\/portaldaacorianidade.azores.gov.pt\/en\/wp-json\/wp\/v2\/tags?post=4455"}],"curies":[{"name":"wp","href":"https:\/\/api.w.org\/{rel}","templated":true}]}}