{"id":4449,"date":"2023-05-25T11:33:36","date_gmt":"2023-05-25T11:33:36","guid":{"rendered":"https:\/\/portaldaacorianidade.azores.gov.pt\/?p=4449"},"modified":"2023-06-15T14:30:15","modified_gmt":"2023-06-15T14:30:15","slug":"azores-day-will-be-also-celebrated-virtually-with-azorean-communities","status":"publish","type":"post","link":"https:\/\/portaldaacorianidade.azores.gov.pt\/en\/azores-day-will-be-also-celebrated-virtually-with-azorean-communities\/","title":{"rendered":"Azores Day will be also celebrated virtually with Azorean communities"},"content":{"rendered":"<p>The Presidency of the Regional Government, through the Regional Directorate for the Communities, is promoting a virtual session to celebrate Azores Day, next Monday, May 29, with the participation of the President of the Regional Government, Jos\u00e9 Manuel Bolieiro, the heads of the Houses of the Azores and the Azorean Diaspora Councilors.<\/p>\n<p>This session aims to celebrate Azores Day also with the direct involvement of Azorean communities. It will be broadcast worldwide on the official website of the Regional Directorate for the Communities on Facebook at 9 pm in the Azores, 10 pm in Mainland Portugal and Madeira, 5 pm on the east coast of the United States and the Canadian provinces of Ontario and Quebec, 4 pm in Manitoba, 2 pm on the west coast of the United States and the Canadian provinces of British Columbia and Alberta, and at 6 pm in Bermuda, Brazil and Uruguay.<\/p>\n<p>This unique broadcast brings together short messages from the heads of the 17 Houses of the Azores located in Portugal, Brazil, the United States, Canada, Uruguay and Bermuda, as well as those from the 19 Azorean Diaspora Councillors elected by the different geographical areas where the Azorean presence is most significant, with the aim of celebrating the Azorean identity without borders.<\/p>\n<p>The session begins with speeches by the heads of the Houses of the Azores of Lisbon (Delfina Porto), Rio de Janeiro (Leonardo Soares), Hilmar (Tommy Vieira), Quebec (Paula Ferreira), North Region (Miguel Azevedo), S\u00e3o Paulo (Marcelo Guerra), New England (Francisco Viveiros) Ontario (Suzanne Cunha), Winnipeg (Jos\u00e9 Santos), Santa Catarina (S\u00e9rgio Luiz Ferreira), Rio Grande do Sul (Viviane Hunter), Uruguay (Alicia Quintana), Bermuda (Andrea Moniz-DeSouza), Maranh\u00e3o (Raphael Guar\u00e1), Madeira (Carlos Madruga da Costa) and Esp\u00edrito Santo (Nino Ser\u00f4dio).<\/p>\n<p>The Azorean Diaspora Councillors will also take part in the event: Bermuda (Alexandre Moniz), Brazil (Regis Gomes &#8211; Rio Grande do Sul; Daniel Gon\u00e7alves &#8211; Rio de Janeiro; Willian Marques &#8211; Santa Catarina; Jos\u00e9 Jacob &#8211; S\u00e3o Paulo and Aristides Bittencourt &#8211; Remaining States), Canada (Eduardo Bettencourt Pinto &#8211; British Columbia; Paulo Cabral &#8211; Manitoba; Matthew Correia &#8211; Ontario; Victor Faria &#8211; Quebec and Carlos Eduardo de Almeida &#8211; Remaining Provinces and Territories), the United States of America (Zeto Carvalho &#8211; California; Rui Baptista &#8211; Massachusetts; M\u00e1rcia da Ponte &#8211; Rhode Island, David Pimentel and Kahterine Soares &#8211; Remaining States), Mainland Portugal and the Autonomous Region of Madeira (Maria Meneses) and the Rest of the World (Eduardo Borba da Silva).<\/p>\n<p>The session will be presented by the Regional Director for the Communities, Jos\u00e9 Andrade, and its closing speech will be delivered by the President of the Regional Government himself, Jos\u00e9 Manuel Bolieiro.<\/p>\n<p>The Azores Day was established by the Azorean Parliament in 1980, through Regional Decree no. 13\/80\/A of August 21, to celebrate the Azorean identity and Autonomy. This year, the official celebrations will take place in the municipality of Lajes do Pico, a joint initiative of the Legislative Assembly and the Regional Government.<\/p>\n","protected":false},"excerpt":{"rendered":"<p>The Presidency of the Regional Government, through the Regional Directorate for the Communities, is promoting a virtual session to celebrate Azores Day, next Monday, May 29, with the participation of the President of the Regional Government, Jos\u00e9 Manuel Bolieiro, the heads of the Houses of the Azores and the Azorean Diaspora Councilors. This session aims [&hellip;]<\/p>\n","protected":false},"author":3,"featured_media":4444,"comment_status":"closed","ping_status":"closed","sticky":false,"template":"","format":"standard","meta":[],"categories":[32],"tags":[],"yoast_head":"<!-- This site is optimized with the Yoast SEO plugin v17.3 - https:\/\/yoast.com\/wordpress\/plugins\/seo\/ -->\n<title>Azores Day will be also celebrated virtually with Azorean communities - Portal da A\u00e7orianidade - plataforma com os sites geridos pela Vice Presid\u00eancia do Governo<\/title>\n<meta name=\"robots\" content=\"index, follow, max-snippet:-1, max-image-preview:large, max-video-preview:-1\" \/>\n<link rel=\"canonical\" href=\"https:\/\/portaldaacorianidade.azores.gov.pt\/en\/azores-day-will-be-also-celebrated-virtually-with-azorean-communities\/\" \/>\n<meta property=\"og:locale\" content=\"en_US\" \/>\n<meta property=\"og:type\" content=\"article\" \/>\n<meta property=\"og:title\" content=\"Azores Day will be also celebrated virtually with Azorean communities - Portal da A\u00e7orianidade - plataforma com os sites geridos pela Vice Presid\u00eancia do Governo\" \/>\n<meta property=\"og:description\" content=\"The Presidency of the Regional Government, through the Regional Directorate for the Communities, is promoting a virtual session to celebrate Azores Day, next Monday, May 29, with the participation of the President of the Regional Government, Jos\u00e9 Manuel Bolieiro, the heads of the Houses of the Azores and the Azorean Diaspora Councilors. This session aims [&hellip;]\" \/>\n<meta property=\"og:url\" content=\"https:\/\/portaldaacorianidade.azores.gov.pt\/en\/azores-day-will-be-also-celebrated-virtually-with-azorean-communities\/\" \/>\n<meta property=\"og:site_name\" content=\"Portal da A\u00e7orianidade - plataforma com os sites geridos pela Vice Presid\u00eancia do Governo\" \/>\n<meta property=\"article:published_time\" content=\"2023-05-25T11:33:36+00:00\" \/>\n<meta property=\"article:modified_time\" content=\"2023-06-15T14:30:15+00:00\" \/>\n<meta property=\"og:image\" content=\"https:\/\/portaldaacorianidade.azores.gov.pt\/wp-content\/uploads\/2023\/05\/da-scaled.jpg\" \/>\n\t<meta property=\"og:image:width\" content=\"2560\" \/>\n\t<meta property=\"og:image:height\" content=\"1442\" \/>\n<meta name=\"twitter:card\" content=\"summary_large_image\" \/>\n<meta name=\"twitter:label1\" content=\"Written by\" \/>\n\t<meta name=\"twitter:data1\" content=\"drc\" \/>\n\t<meta name=\"twitter:label2\" content=\"Est. reading time\" \/>\n\t<meta name=\"twitter:data2\" content=\"2 minutes\" \/>\n<script type=\"application\/ld+json\" class=\"yoast-schema-graph\">{\"@context\":\"https:\/\/schema.org\",\"@graph\":[{\"@type\":\"WebSite\",\"@id\":\"https:\/\/portaldaacorianidade.azores.gov.pt\/#website\",\"url\":\"https:\/\/portaldaacorianidade.azores.gov.pt\/\",\"name\":\"Portal da A\\u00e7orianidade - plataforma com os sites geridos pela Vice Presid\\u00eancia do Governo\",\"description\":\" Plataforma os v\\u00e1rios sites geridos pela Vice-Presid\\u00eancia do Governo dos A\\u00e7ores, atrav\\u00e9s da Dire\\u00e7\\u00e3o Regional das Comunidades\",\"potentialAction\":[{\"@type\":\"SearchAction\",\"target\":{\"@type\":\"EntryPoint\",\"urlTemplate\":\"https:\/\/portaldaacorianidade.azores.gov.pt\/?s={search_term_string}\"},\"query-input\":\"required name=search_term_string\"}],\"inLanguage\":\"en-US\"},{\"@type\":\"ImageObject\",\"@id\":\"https:\/\/portaldaacorianidade.azores.gov.pt\/en\/azores-day-will-be-also-celebrated-virtually-with-azorean-communities\/#primaryimage\",\"inLanguage\":\"en-US\",\"url\":\"https:\/\/portaldaacorianidade.azores.gov.pt\/wp-content\/uploads\/2023\/05\/da-scaled.jpg\",\"contentUrl\":\"https:\/\/portaldaacorianidade.azores.gov.pt\/wp-content\/uploads\/2023\/05\/da-scaled.jpg\",\"width\":2560,\"height\":1442},{\"@type\":\"WebPage\",\"@id\":\"https:\/\/portaldaacorianidade.azores.gov.pt\/en\/azores-day-will-be-also-celebrated-virtually-with-azorean-communities\/#webpage\",\"url\":\"https:\/\/portaldaacorianidade.azores.gov.pt\/en\/azores-day-will-be-also-celebrated-virtually-with-azorean-communities\/\",\"name\":\"Azores Day will be also celebrated virtually with Azorean communities - Portal da A\\u00e7orianidade - plataforma com os sites geridos pela Vice Presid\\u00eancia do Governo\",\"isPartOf\":{\"@id\":\"https:\/\/portaldaacorianidade.azores.gov.pt\/#website\"},\"primaryImageOfPage\":{\"@id\":\"https:\/\/portaldaacorianidade.azores.gov.pt\/en\/azores-day-will-be-also-celebrated-virtually-with-azorean-communities\/#primaryimage\"},\"datePublished\":\"2023-05-25T11:33:36+00:00\",\"dateModified\":\"2023-06-15T14:30:15+00:00\",\"author\":{\"@id\":\"https:\/\/portaldaacorianidade.azores.gov.pt\/#\/schema\/person\/30f08a4a879b417fb08758cfe32fa2b7\"},\"breadcrumb\":{\"@id\":\"https:\/\/portaldaacorianidade.azores.gov.pt\/en\/azores-day-will-be-also-celebrated-virtually-with-azorean-communities\/#breadcrumb\"},\"inLanguage\":\"en-US\",\"potentialAction\":[{\"@type\":\"ReadAction\",\"target\":[\"https:\/\/portaldaacorianidade.azores.gov.pt\/en\/azores-day-will-be-also-celebrated-virtually-with-azorean-communities\/\"]}]},{\"@type\":\"BreadcrumbList\",\"@id\":\"https:\/\/portaldaacorianidade.azores.gov.pt\/en\/azores-day-will-be-also-celebrated-virtually-with-azorean-communities\/#breadcrumb\",\"itemListElement\":[{\"@type\":\"ListItem\",\"position\":1,\"name\":\"Azores Day will be also celebrated virtually with Azorean communities\"}]},{\"@type\":\"Person\",\"@id\":\"https:\/\/portaldaacorianidade.azores.gov.pt\/#\/schema\/person\/30f08a4a879b417fb08758cfe32fa2b7\",\"name\":\"drc\",\"image\":{\"@type\":\"ImageObject\",\"@id\":\"https:\/\/portaldaacorianidade.azores.gov.pt\/#personlogo\",\"inLanguage\":\"en-US\",\"url\":\"https:\/\/secure.gravatar.com\/avatar\/228c5f796e635a16246d2001595092bb?s=96&d=mm&r=g\",\"contentUrl\":\"https:\/\/secure.gravatar.com\/avatar\/228c5f796e635a16246d2001595092bb?s=96&d=mm&r=g\",\"caption\":\"drc\"},\"url\":\"https:\/\/portaldaacorianidade.azores.gov.pt\/en\/author\/drc\/\"}]}<\/script>\n<!-- \/ Yoast SEO plugin. -->","yoast_head_json":{"title":"Azores Day will be also celebrated virtually with Azorean communities - Portal da A\u00e7orianidade - plataforma com os sites geridos pela Vice Presid\u00eancia do Governo","robots":{"index":"index","follow":"follow","max-snippet":"max-snippet:-1","max-image-preview":"max-image-preview:large","max-video-preview":"max-video-preview:-1"},"canonical":"https:\/\/portaldaacorianidade.azores.gov.pt\/en\/azores-day-will-be-also-celebrated-virtually-with-azorean-communities\/","og_locale":"en_US","og_type":"article","og_title":"Azores Day will be also celebrated virtually with Azorean communities - Portal da A\u00e7orianidade - plataforma com os sites geridos pela Vice Presid\u00eancia do Governo","og_description":"The Presidency of the Regional Government, through the Regional Directorate for the Communities, is promoting a virtual session to celebrate Azores Day, next Monday, May 29, with the participation of the President of the Regional Government, Jos\u00e9 Manuel Bolieiro, the heads of the Houses of the Azores and the Azorean Diaspora Councilors. This session aims [&hellip;]","og_url":"https:\/\/portaldaacorianidade.azores.gov.pt\/en\/azores-day-will-be-also-celebrated-virtually-with-azorean-communities\/","og_site_name":"Portal da A\u00e7orianidade - plataforma com os sites geridos pela Vice Presid\u00eancia do Governo","article_published_time":"2023-05-25T11:33:36+00:00","article_modified_time":"2023-06-15T14:30:15+00:00","og_image":[{"width":2560,"height":1442,"url":"https:\/\/portaldaacorianidade.azores.gov.pt\/wp-content\/uploads\/2023\/05\/da-scaled.jpg","type":"image\/jpeg"}],"twitter_card":"summary_large_image","twitter_misc":{"Written by":"drc","Est. reading time":"2 minutes"},"schema":{"@context":"https:\/\/schema.org","@graph":[{"@type":"WebSite","@id":"https:\/\/portaldaacorianidade.azores.gov.pt\/#website","url":"https:\/\/portaldaacorianidade.azores.gov.pt\/","name":"Portal da A\u00e7orianidade - plataforma com os sites geridos pela Vice Presid\u00eancia do Governo","description":" Plataforma os v\u00e1rios sites geridos pela Vice-Presid\u00eancia do Governo dos A\u00e7ores, atrav\u00e9s da Dire\u00e7\u00e3o Regional das Comunidades","potentialAction":[{"@type":"SearchAction","target":{"@type":"EntryPoint","urlTemplate":"https:\/\/portaldaacorianidade.azores.gov.pt\/?s={search_term_string}"},"query-input":"required name=search_term_string"}],"inLanguage":"en-US"},{"@type":"ImageObject","@id":"https:\/\/portaldaacorianidade.azores.gov.pt\/en\/azores-day-will-be-also-celebrated-virtually-with-azorean-communities\/#primaryimage","inLanguage":"en-US","url":"https:\/\/portaldaacorianidade.azores.gov.pt\/wp-content\/uploads\/2023\/05\/da-scaled.jpg","contentUrl":"https:\/\/portaldaacorianidade.azores.gov.pt\/wp-content\/uploads\/2023\/05\/da-scaled.jpg","width":2560,"height":1442},{"@type":"WebPage","@id":"https:\/\/portaldaacorianidade.azores.gov.pt\/en\/azores-day-will-be-also-celebrated-virtually-with-azorean-communities\/#webpage","url":"https:\/\/portaldaacorianidade.azores.gov.pt\/en\/azores-day-will-be-also-celebrated-virtually-with-azorean-communities\/","name":"Azores Day will be also celebrated virtually with Azorean communities - Portal da A\u00e7orianidade - plataforma com os sites geridos pela Vice Presid\u00eancia do Governo","isPartOf":{"@id":"https:\/\/portaldaacorianidade.azores.gov.pt\/#website"},"primaryImageOfPage":{"@id":"https:\/\/portaldaacorianidade.azores.gov.pt\/en\/azores-day-will-be-also-celebrated-virtually-with-azorean-communities\/#primaryimage"},"datePublished":"2023-05-25T11:33:36+00:00","dateModified":"2023-06-15T14:30:15+00:00","author":{"@id":"https:\/\/portaldaacorianidade.azores.gov.pt\/#\/schema\/person\/30f08a4a879b417fb08758cfe32fa2b7"},"breadcrumb":{"@id":"https:\/\/portaldaacorianidade.azores.gov.pt\/en\/azores-day-will-be-also-celebrated-virtually-with-azorean-communities\/#breadcrumb"},"inLanguage":"en-US","potentialAction":[{"@type":"ReadAction","target":["https:\/\/portaldaacorianidade.azores.gov.pt\/en\/azores-day-will-be-also-celebrated-virtually-with-azorean-communities\/"]}]},{"@type":"BreadcrumbList","@id":"https:\/\/portaldaacorianidade.azores.gov.pt\/en\/azores-day-will-be-also-celebrated-virtually-with-azorean-communities\/#breadcrumb","itemListElement":[{"@type":"ListItem","position":1,"name":"Azores Day will be also celebrated virtually with Azorean communities"}]},{"@type":"Person","@id":"https:\/\/portaldaacorianidade.azores.gov.pt\/#\/schema\/person\/30f08a4a879b417fb08758cfe32fa2b7","name":"drc","image":{"@type":"ImageObject","@id":"https:\/\/portaldaacorianidade.azores.gov.pt\/#personlogo","inLanguage":"en-US","url":"https:\/\/secure.gravatar.com\/avatar\/228c5f796e635a16246d2001595092bb?s=96&d=mm&r=g","contentUrl":"https:\/\/secure.gravatar.com\/avatar\/228c5f796e635a16246d2001595092bb?s=96&d=mm&r=g","caption":"drc"},"url":"https:\/\/portaldaacorianidade.azores.gov.pt\/en\/author\/drc\/"}]}},"_links":{"self":[{"href":"https:\/\/portaldaacorianidade.azores.gov.pt\/en\/wp-json\/wp\/v2\/posts\/4449"}],"collection":[{"href":"https:\/\/portaldaacorianidade.azores.gov.pt\/en\/wp-json\/wp\/v2\/posts"}],"about":[{"href":"https:\/\/portaldaacorianidade.azores.gov.pt\/en\/wp-json\/wp\/v2\/types\/post"}],"author":[{"embeddable":true,"href":"https:\/\/portaldaacorianidade.azores.gov.pt\/en\/wp-json\/wp\/v2\/users\/3"}],"replies":[{"embeddable":true,"href":"https:\/\/portaldaacorianidade.azores.gov.pt\/en\/wp-json\/wp\/v2\/comments?post=4449"}],"version-history":[{"count":1,"href":"https:\/\/portaldaacorianidade.azores.gov.pt\/en\/wp-json\/wp\/v2\/posts\/4449\/revisions"}],"predecessor-version":[{"id":4450,"href":"https:\/\/portaldaacorianidade.azores.gov.pt\/en\/wp-json\/wp\/v2\/posts\/4449\/revisions\/4450"}],"wp:featuredmedia":[{"embeddable":true,"href":"https:\/\/portaldaacorianidade.azores.gov.pt\/en\/wp-json\/wp\/v2\/media\/4444"}],"wp:attachment":[{"href":"https:\/\/portaldaacorianidade.azores.gov.pt\/en\/wp-json\/wp\/v2\/media?parent=4449"}],"wp:term":[{"taxonomy":"category","embeddable":true,"href":"https:\/\/portaldaacorianidade.azores.gov.pt\/en\/wp-json\/wp\/v2\/categories?post=4449"},{"taxonomy":"post_tag","embeddable":true,"href":"https:\/\/portaldaacorianidade.azores.gov.pt\/en\/wp-json\/wp\/v2\/tags?post=4449"}],"curies":[{"name":"wp","href":"https:\/\/api.w.org\/{rel}","templated":true}]}}