{"id":4447,"date":"2023-05-25T11:31:43","date_gmt":"2023-05-25T11:31:43","guid":{"rendered":"https:\/\/portaldaacorianidade.azores.gov.pt\/?p=4447"},"modified":"2023-06-15T14:30:36","modified_gmt":"2023-06-15T14:30:36","slug":"regional-government-promotes-session-on-autonomy-and-diaspora-in-horta","status":"publish","type":"post","link":"https:\/\/portaldaacorianidade.azores.gov.pt\/en\/regional-government-promotes-session-on-autonomy-and-diaspora-in-horta\/","title":{"rendered":"Regional Government promotes session on Autonomy and Diaspora in Horta"},"content":{"rendered":"<p>The Presidency of the Regional Government, through the Regional Directorate for the Communities, is promoting a session on &#8220;Autonomy and Diaspora &#8211; the Future,&#8221; which will be held next Friday, May 26, at 6 pm at the Manuel de Arriaga House Museum in the city of Horta, Faial Island.<\/p>\n<p>Chaired by the President of the Government of the Azores, Jos\u00e9 Manuel Bolieiro, the initiative is part of the commemorations of the Azores Day, this year celebrated on May 29. It takes place in the month marking the 25th anniversary of the establishment of the Regional Directorate for the Communities.<\/p>\n<p>The session will be attended by the successive heads of the different services that have ensured the connection between the Regional Government and the Azorean Diaspora over the past 47 years, namely the directors of the former Emigration and Support Office for Azorean Communities, Duarte Mendes (1976-1996) and Alzira Silva (1996-1998), and the previous heads of the Regional Directorate for the Communities: Alzira Silva (1998-2009), Rita Dias (2009-2010), Gra\u00e7a Castanho (2010-2012) and Paulo Teves (2012-2020).<\/p>\n<p>The current Regional Director for the Communities, Jos\u00e9 Andrade, will also take part in this session, open to the general public. It will include the presentation of the messages from the heads of the 17 Houses of the Azores located in Portugal, Brazil, the United States of America, Canada, Uruguay and Bermuda as well as those from the 19 Azorean Diaspora Councilors, as part of the celebration of the Azores Day with the Azorean communities.<\/p>\n<p>The event will also include the opening of the itinerant exhibition &#8220;The Tenth Island,&#8221; produced in partnership with the Horta Museum, and will end with the premiere of the Chamarrita Group, a project promoted by the Migrations Support Centre of the Regional Directorate for the Communities.<\/p>\n","protected":false},"excerpt":{"rendered":"<p>The Presidency of the Regional Government, through the Regional Directorate for the Communities, is promoting a session on &#8220;Autonomy and Diaspora &#8211; the Future,&#8221; which will be held next Friday, May 26, at 6 pm at the Manuel de Arriaga House Museum in the city of Horta, Faial Island. Chaired by the President of the [&hellip;]<\/p>\n","protected":false},"author":3,"featured_media":4438,"comment_status":"closed","ping_status":"closed","sticky":false,"template":"","format":"standard","meta":[],"categories":[32],"tags":[],"yoast_head":"<!-- This site is optimized with the Yoast SEO plugin v17.3 - https:\/\/yoast.com\/wordpress\/plugins\/seo\/ -->\n<title>Regional Government promotes session on Autonomy and Diaspora in Horta - Portal da A\u00e7orianidade - plataforma com os sites geridos pela Vice Presid\u00eancia do Governo<\/title>\n<meta name=\"robots\" content=\"index, follow, max-snippet:-1, max-image-preview:large, max-video-preview:-1\" \/>\n<link rel=\"canonical\" href=\"https:\/\/portaldaacorianidade.azores.gov.pt\/en\/regional-government-promotes-session-on-autonomy-and-diaspora-in-horta\/\" \/>\n<meta property=\"og:locale\" content=\"en_US\" \/>\n<meta property=\"og:type\" content=\"article\" \/>\n<meta property=\"og:title\" content=\"Regional Government promotes session on Autonomy and Diaspora in Horta - Portal da A\u00e7orianidade - plataforma com os sites geridos pela Vice Presid\u00eancia do Governo\" \/>\n<meta property=\"og:description\" content=\"The Presidency of the Regional Government, through the Regional Directorate for the Communities, is promoting a session on &#8220;Autonomy and Diaspora &#8211; the Future,&#8221; which will be held next Friday, May 26, at 6 pm at the Manuel de Arriaga House Museum in the city of Horta, Faial Island. Chaired by the President of the [&hellip;]\" \/>\n<meta property=\"og:url\" content=\"https:\/\/portaldaacorianidade.azores.gov.pt\/en\/regional-government-promotes-session-on-autonomy-and-diaspora-in-horta\/\" \/>\n<meta property=\"og:site_name\" content=\"Portal da A\u00e7orianidade - plataforma com os sites geridos pela Vice Presid\u00eancia do Governo\" \/>\n<meta property=\"article:published_time\" content=\"2023-05-25T11:31:43+00:00\" \/>\n<meta property=\"article:modified_time\" content=\"2023-06-15T14:30:36+00:00\" \/>\n<meta property=\"og:image\" content=\"https:\/\/portaldaacorianidade.azores.gov.pt\/wp-content\/uploads\/2023\/05\/PA-AU.jpg\" \/>\n\t<meta property=\"og:image:width\" content=\"1920\" \/>\n\t<meta property=\"og:image:height\" content=\"1080\" \/>\n<meta name=\"twitter:card\" content=\"summary_large_image\" \/>\n<meta name=\"twitter:label1\" content=\"Written by\" \/>\n\t<meta name=\"twitter:data1\" content=\"drc\" \/>\n\t<meta name=\"twitter:label2\" content=\"Est. reading time\" \/>\n\t<meta name=\"twitter:data2\" content=\"1 minute\" \/>\n<script type=\"application\/ld+json\" class=\"yoast-schema-graph\">{\"@context\":\"https:\/\/schema.org\",\"@graph\":[{\"@type\":\"WebSite\",\"@id\":\"https:\/\/portaldaacorianidade.azores.gov.pt\/#website\",\"url\":\"https:\/\/portaldaacorianidade.azores.gov.pt\/\",\"name\":\"Portal da A\\u00e7orianidade - plataforma com os sites geridos pela Vice Presid\\u00eancia do Governo\",\"description\":\" Plataforma os v\\u00e1rios sites geridos pela Vice-Presid\\u00eancia do Governo dos A\\u00e7ores, atrav\\u00e9s da Dire\\u00e7\\u00e3o Regional das Comunidades\",\"potentialAction\":[{\"@type\":\"SearchAction\",\"target\":{\"@type\":\"EntryPoint\",\"urlTemplate\":\"https:\/\/portaldaacorianidade.azores.gov.pt\/?s={search_term_string}\"},\"query-input\":\"required name=search_term_string\"}],\"inLanguage\":\"en-US\"},{\"@type\":\"ImageObject\",\"@id\":\"https:\/\/portaldaacorianidade.azores.gov.pt\/en\/regional-government-promotes-session-on-autonomy-and-diaspora-in-horta\/#primaryimage\",\"inLanguage\":\"en-US\",\"url\":\"https:\/\/portaldaacorianidade.azores.gov.pt\/wp-content\/uploads\/2023\/05\/PA-AU.jpg\",\"contentUrl\":\"https:\/\/portaldaacorianidade.azores.gov.pt\/wp-content\/uploads\/2023\/05\/PA-AU.jpg\",\"width\":1920,\"height\":1080},{\"@type\":\"WebPage\",\"@id\":\"https:\/\/portaldaacorianidade.azores.gov.pt\/en\/regional-government-promotes-session-on-autonomy-and-diaspora-in-horta\/#webpage\",\"url\":\"https:\/\/portaldaacorianidade.azores.gov.pt\/en\/regional-government-promotes-session-on-autonomy-and-diaspora-in-horta\/\",\"name\":\"Regional Government promotes session on Autonomy and Diaspora in Horta - Portal da A\\u00e7orianidade - plataforma com os sites geridos pela Vice Presid\\u00eancia do Governo\",\"isPartOf\":{\"@id\":\"https:\/\/portaldaacorianidade.azores.gov.pt\/#website\"},\"primaryImageOfPage\":{\"@id\":\"https:\/\/portaldaacorianidade.azores.gov.pt\/en\/regional-government-promotes-session-on-autonomy-and-diaspora-in-horta\/#primaryimage\"},\"datePublished\":\"2023-05-25T11:31:43+00:00\",\"dateModified\":\"2023-06-15T14:30:36+00:00\",\"author\":{\"@id\":\"https:\/\/portaldaacorianidade.azores.gov.pt\/#\/schema\/person\/30f08a4a879b417fb08758cfe32fa2b7\"},\"breadcrumb\":{\"@id\":\"https:\/\/portaldaacorianidade.azores.gov.pt\/en\/regional-government-promotes-session-on-autonomy-and-diaspora-in-horta\/#breadcrumb\"},\"inLanguage\":\"en-US\",\"potentialAction\":[{\"@type\":\"ReadAction\",\"target\":[\"https:\/\/portaldaacorianidade.azores.gov.pt\/en\/regional-government-promotes-session-on-autonomy-and-diaspora-in-horta\/\"]}]},{\"@type\":\"BreadcrumbList\",\"@id\":\"https:\/\/portaldaacorianidade.azores.gov.pt\/en\/regional-government-promotes-session-on-autonomy-and-diaspora-in-horta\/#breadcrumb\",\"itemListElement\":[{\"@type\":\"ListItem\",\"position\":1,\"name\":\"Regional Government promotes session on Autonomy and Diaspora in Horta\"}]},{\"@type\":\"Person\",\"@id\":\"https:\/\/portaldaacorianidade.azores.gov.pt\/#\/schema\/person\/30f08a4a879b417fb08758cfe32fa2b7\",\"name\":\"drc\",\"image\":{\"@type\":\"ImageObject\",\"@id\":\"https:\/\/portaldaacorianidade.azores.gov.pt\/#personlogo\",\"inLanguage\":\"en-US\",\"url\":\"https:\/\/secure.gravatar.com\/avatar\/228c5f796e635a16246d2001595092bb?s=96&d=mm&r=g\",\"contentUrl\":\"https:\/\/secure.gravatar.com\/avatar\/228c5f796e635a16246d2001595092bb?s=96&d=mm&r=g\",\"caption\":\"drc\"},\"url\":\"https:\/\/portaldaacorianidade.azores.gov.pt\/en\/author\/drc\/\"}]}<\/script>\n<!-- \/ Yoast SEO plugin. -->","yoast_head_json":{"title":"Regional Government promotes session on Autonomy and Diaspora in Horta - Portal da A\u00e7orianidade - plataforma com os sites geridos pela Vice Presid\u00eancia do Governo","robots":{"index":"index","follow":"follow","max-snippet":"max-snippet:-1","max-image-preview":"max-image-preview:large","max-video-preview":"max-video-preview:-1"},"canonical":"https:\/\/portaldaacorianidade.azores.gov.pt\/en\/regional-government-promotes-session-on-autonomy-and-diaspora-in-horta\/","og_locale":"en_US","og_type":"article","og_title":"Regional Government promotes session on Autonomy and Diaspora in Horta - Portal da A\u00e7orianidade - plataforma com os sites geridos pela Vice Presid\u00eancia do Governo","og_description":"The Presidency of the Regional Government, through the Regional Directorate for the Communities, is promoting a session on &#8220;Autonomy and Diaspora &#8211; the Future,&#8221; which will be held next Friday, May 26, at 6 pm at the Manuel de Arriaga House Museum in the city of Horta, Faial Island. Chaired by the President of the [&hellip;]","og_url":"https:\/\/portaldaacorianidade.azores.gov.pt\/en\/regional-government-promotes-session-on-autonomy-and-diaspora-in-horta\/","og_site_name":"Portal da A\u00e7orianidade - plataforma com os sites geridos pela Vice Presid\u00eancia do Governo","article_published_time":"2023-05-25T11:31:43+00:00","article_modified_time":"2023-06-15T14:30:36+00:00","og_image":[{"width":1920,"height":1080,"url":"https:\/\/portaldaacorianidade.azores.gov.pt\/wp-content\/uploads\/2023\/05\/PA-AU.jpg","type":"image\/jpeg"}],"twitter_card":"summary_large_image","twitter_misc":{"Written by":"drc","Est. reading time":"1 minute"},"schema":{"@context":"https:\/\/schema.org","@graph":[{"@type":"WebSite","@id":"https:\/\/portaldaacorianidade.azores.gov.pt\/#website","url":"https:\/\/portaldaacorianidade.azores.gov.pt\/","name":"Portal da A\u00e7orianidade - plataforma com os sites geridos pela Vice Presid\u00eancia do Governo","description":" Plataforma os v\u00e1rios sites geridos pela Vice-Presid\u00eancia do Governo dos A\u00e7ores, atrav\u00e9s da Dire\u00e7\u00e3o Regional das Comunidades","potentialAction":[{"@type":"SearchAction","target":{"@type":"EntryPoint","urlTemplate":"https:\/\/portaldaacorianidade.azores.gov.pt\/?s={search_term_string}"},"query-input":"required name=search_term_string"}],"inLanguage":"en-US"},{"@type":"ImageObject","@id":"https:\/\/portaldaacorianidade.azores.gov.pt\/en\/regional-government-promotes-session-on-autonomy-and-diaspora-in-horta\/#primaryimage","inLanguage":"en-US","url":"https:\/\/portaldaacorianidade.azores.gov.pt\/wp-content\/uploads\/2023\/05\/PA-AU.jpg","contentUrl":"https:\/\/portaldaacorianidade.azores.gov.pt\/wp-content\/uploads\/2023\/05\/PA-AU.jpg","width":1920,"height":1080},{"@type":"WebPage","@id":"https:\/\/portaldaacorianidade.azores.gov.pt\/en\/regional-government-promotes-session-on-autonomy-and-diaspora-in-horta\/#webpage","url":"https:\/\/portaldaacorianidade.azores.gov.pt\/en\/regional-government-promotes-session-on-autonomy-and-diaspora-in-horta\/","name":"Regional Government promotes session on Autonomy and Diaspora in Horta - Portal da A\u00e7orianidade - plataforma com os sites geridos pela Vice Presid\u00eancia do Governo","isPartOf":{"@id":"https:\/\/portaldaacorianidade.azores.gov.pt\/#website"},"primaryImageOfPage":{"@id":"https:\/\/portaldaacorianidade.azores.gov.pt\/en\/regional-government-promotes-session-on-autonomy-and-diaspora-in-horta\/#primaryimage"},"datePublished":"2023-05-25T11:31:43+00:00","dateModified":"2023-06-15T14:30:36+00:00","author":{"@id":"https:\/\/portaldaacorianidade.azores.gov.pt\/#\/schema\/person\/30f08a4a879b417fb08758cfe32fa2b7"},"breadcrumb":{"@id":"https:\/\/portaldaacorianidade.azores.gov.pt\/en\/regional-government-promotes-session-on-autonomy-and-diaspora-in-horta\/#breadcrumb"},"inLanguage":"en-US","potentialAction":[{"@type":"ReadAction","target":["https:\/\/portaldaacorianidade.azores.gov.pt\/en\/regional-government-promotes-session-on-autonomy-and-diaspora-in-horta\/"]}]},{"@type":"BreadcrumbList","@id":"https:\/\/portaldaacorianidade.azores.gov.pt\/en\/regional-government-promotes-session-on-autonomy-and-diaspora-in-horta\/#breadcrumb","itemListElement":[{"@type":"ListItem","position":1,"name":"Regional Government promotes session on Autonomy and Diaspora in Horta"}]},{"@type":"Person","@id":"https:\/\/portaldaacorianidade.azores.gov.pt\/#\/schema\/person\/30f08a4a879b417fb08758cfe32fa2b7","name":"drc","image":{"@type":"ImageObject","@id":"https:\/\/portaldaacorianidade.azores.gov.pt\/#personlogo","inLanguage":"en-US","url":"https:\/\/secure.gravatar.com\/avatar\/228c5f796e635a16246d2001595092bb?s=96&d=mm&r=g","contentUrl":"https:\/\/secure.gravatar.com\/avatar\/228c5f796e635a16246d2001595092bb?s=96&d=mm&r=g","caption":"drc"},"url":"https:\/\/portaldaacorianidade.azores.gov.pt\/en\/author\/drc\/"}]}},"_links":{"self":[{"href":"https:\/\/portaldaacorianidade.azores.gov.pt\/en\/wp-json\/wp\/v2\/posts\/4447"}],"collection":[{"href":"https:\/\/portaldaacorianidade.azores.gov.pt\/en\/wp-json\/wp\/v2\/posts"}],"about":[{"href":"https:\/\/portaldaacorianidade.azores.gov.pt\/en\/wp-json\/wp\/v2\/types\/post"}],"author":[{"embeddable":true,"href":"https:\/\/portaldaacorianidade.azores.gov.pt\/en\/wp-json\/wp\/v2\/users\/3"}],"replies":[{"embeddable":true,"href":"https:\/\/portaldaacorianidade.azores.gov.pt\/en\/wp-json\/wp\/v2\/comments?post=4447"}],"version-history":[{"count":1,"href":"https:\/\/portaldaacorianidade.azores.gov.pt\/en\/wp-json\/wp\/v2\/posts\/4447\/revisions"}],"predecessor-version":[{"id":4448,"href":"https:\/\/portaldaacorianidade.azores.gov.pt\/en\/wp-json\/wp\/v2\/posts\/4447\/revisions\/4448"}],"wp:featuredmedia":[{"embeddable":true,"href":"https:\/\/portaldaacorianidade.azores.gov.pt\/en\/wp-json\/wp\/v2\/media\/4438"}],"wp:attachment":[{"href":"https:\/\/portaldaacorianidade.azores.gov.pt\/en\/wp-json\/wp\/v2\/media?parent=4447"}],"wp:term":[{"taxonomy":"category","embeddable":true,"href":"https:\/\/portaldaacorianidade.azores.gov.pt\/en\/wp-json\/wp\/v2\/categories?post=4447"},{"taxonomy":"post_tag","embeddable":true,"href":"https:\/\/portaldaacorianidade.azores.gov.pt\/en\/wp-json\/wp\/v2\/tags?post=4447"}],"curies":[{"name":"wp","href":"https:\/\/api.w.org\/{rel}","templated":true}]}}