{"id":4359,"date":"2023-01-03T16:45:00","date_gmt":"2023-01-03T16:45:00","guid":{"rendered":"https:\/\/portaldaacorianidade.azores.gov.pt\/?p=4359"},"modified":"2023-01-03T16:45:00","modified_gmt":"2023-01-03T16:45:00","slug":"azorean-community-personalities-featured-in-diaspora-talks","status":"publish","type":"post","link":"https:\/\/portaldaacorianidade.azores.gov.pt\/en\/azorean-community-personalities-featured-in-diaspora-talks\/","title":{"rendered":"Azorean community personalities featured in &#8220;Diaspora Talks&#8221;"},"content":{"rendered":"<p>The &#8220;Diaspora Talks&#8221; initiative of the Regional Directorate for the Communities returns this month for a new season, now dedicated to biographical interviews with personalities who were born in the Azores and who have made their mark in Azorean communities.<\/p>\n<p>This cycle of sessions will be broadcast live on the official Facebook page of the Regional Directorate for the Communities every Monday at 6 pm (Azores time) for about thirty minutes.<\/p>\n<p>Professor On\u00e9simo Teot\u00f3nio Almeida is the first guest of the &#8220;Diaspora Talks,&#8221; which will begin next Monday, January 9, and continue throughout 2023.<\/p>\n<p>On\u00e9simo Almeida was born in the parish of Pico da Pedra, S\u00e3o Miguel Island, having received his Ph.D. in Philosophy from Brown University in Providence, Rhode Island. He emigrated in 1972 to the United States of America, where he taught for several years at Brown University&#8217;s Center for Portuguese and Brazilian Studies.<\/p>\n<p>He is the author of numerous works and collaborates with various media outlets of the Portuguese communities in North America. He was awarded the Order of Prince Henry &#8211; Commander by the Portuguese Republic in 1997 and was bestowed the Autonomic Commendation of Professional Merit by the Autonomous Region of the Azores in 2009.<\/p>\n<p>The following &#8220;Diaspora Talks&#8221; sessions will feature biographical interviews with other personalities, such as professors Jos\u00e9 Carlos Teixeira (British Columbia) and Diniz Borges (California), entrepreneurs Ant\u00f3nio Frias (Massachusetts) and Manuel Eduardo Vieira (California), politicians Tony Cabral (Massachusetts) and Lu\u00eds Miranda (Quebec) or the honorary consuls Idalmiro da Rosa (California) and Paulo Cabral (Manitoba).<\/p>\n<p>This fifth season of &#8220;Diaspora Talks&#8221; comes in the wake of four weekly series dedicated to the Houses of the Azores, Azorean Diaspora Advisers, community social work organisations and media outlets serving Azorean communities in the United States and Canada during 2021 and 2022.<\/p>\n","protected":false},"excerpt":{"rendered":"<p>The &#8220;Diaspora Talks&#8221; initiative of the Regional Directorate for the Communities returns this month for a new season, now dedicated to biographical interviews with personalities who were born in the Azores and who have made their mark in Azorean communities. This cycle of sessions will be broadcast live on the official Facebook page of the [&hellip;]<\/p>\n","protected":false},"author":3,"featured_media":4360,"comment_status":"closed","ping_status":"closed","sticky":false,"template":"","format":"standard","meta":[],"categories":[32],"tags":[],"yoast_head":"<!-- This site is optimized with the Yoast SEO plugin v17.3 - https:\/\/yoast.com\/wordpress\/plugins\/seo\/ -->\n<title>Azorean community personalities featured in &quot;Diaspora Talks&quot; - Portal da A\u00e7orianidade - plataforma com os sites geridos pela Vice Presid\u00eancia do Governo<\/title>\n<meta name=\"robots\" content=\"index, follow, max-snippet:-1, max-image-preview:large, max-video-preview:-1\" \/>\n<link rel=\"canonical\" href=\"https:\/\/portaldaacorianidade.azores.gov.pt\/en\/azorean-community-personalities-featured-in-diaspora-talks\/\" \/>\n<meta property=\"og:locale\" content=\"en_US\" \/>\n<meta property=\"og:type\" content=\"article\" \/>\n<meta property=\"og:title\" content=\"Azorean community personalities featured in &quot;Diaspora Talks&quot; - Portal da A\u00e7orianidade - plataforma com os sites geridos pela Vice Presid\u00eancia do Governo\" \/>\n<meta property=\"og:description\" content=\"The &#8220;Diaspora Talks&#8221; initiative of the Regional Directorate for the Communities returns this month for a new season, now dedicated to biographical interviews with personalities who were born in the Azores and who have made their mark in Azorean communities. This cycle of sessions will be broadcast live on the official Facebook page of the [&hellip;]\" \/>\n<meta property=\"og:url\" content=\"https:\/\/portaldaacorianidade.azores.gov.pt\/en\/azorean-community-personalities-featured-in-diaspora-talks\/\" \/>\n<meta property=\"og:site_name\" content=\"Portal da A\u00e7orianidade - plataforma com os sites geridos pela Vice Presid\u00eancia do Governo\" \/>\n<meta property=\"article:published_time\" content=\"2023-01-03T16:45:00+00:00\" \/>\n<meta property=\"og:image\" content=\"https:\/\/portaldaacorianidade.azores.gov.pt\/wp-content\/uploads\/2023\/01\/Entrevistas-Biograficas_portal-1.png\" \/>\n\t<meta property=\"og:image:width\" content=\"3895\" \/>\n\t<meta property=\"og:image:height\" content=\"2194\" \/>\n<meta name=\"twitter:card\" content=\"summary_large_image\" \/>\n<meta name=\"twitter:label1\" content=\"Written by\" \/>\n\t<meta name=\"twitter:data1\" content=\"drc\" \/>\n\t<meta name=\"twitter:label2\" content=\"Est. reading time\" \/>\n\t<meta name=\"twitter:data2\" content=\"1 minute\" \/>\n<script type=\"application\/ld+json\" class=\"yoast-schema-graph\">{\"@context\":\"https:\/\/schema.org\",\"@graph\":[{\"@type\":\"WebSite\",\"@id\":\"https:\/\/portaldaacorianidade.azores.gov.pt\/#website\",\"url\":\"https:\/\/portaldaacorianidade.azores.gov.pt\/\",\"name\":\"Portal da A\\u00e7orianidade - plataforma com os sites geridos pela Vice Presid\\u00eancia do Governo\",\"description\":\" Plataforma os v\\u00e1rios sites geridos pela Vice-Presid\\u00eancia do Governo dos A\\u00e7ores, atrav\\u00e9s da Dire\\u00e7\\u00e3o Regional das Comunidades\",\"potentialAction\":[{\"@type\":\"SearchAction\",\"target\":{\"@type\":\"EntryPoint\",\"urlTemplate\":\"https:\/\/portaldaacorianidade.azores.gov.pt\/?s={search_term_string}\"},\"query-input\":\"required name=search_term_string\"}],\"inLanguage\":\"en-US\"},{\"@type\":\"ImageObject\",\"@id\":\"https:\/\/portaldaacorianidade.azores.gov.pt\/en\/azorean-community-personalities-featured-in-diaspora-talks\/#primaryimage\",\"inLanguage\":\"en-US\",\"url\":\"https:\/\/portaldaacorianidade.azores.gov.pt\/wp-content\/uploads\/2023\/01\/Entrevistas-Biograficas_portal-1.png\",\"contentUrl\":\"https:\/\/portaldaacorianidade.azores.gov.pt\/wp-content\/uploads\/2023\/01\/Entrevistas-Biograficas_portal-1.png\",\"width\":3895,\"height\":2194},{\"@type\":\"WebPage\",\"@id\":\"https:\/\/portaldaacorianidade.azores.gov.pt\/en\/azorean-community-personalities-featured-in-diaspora-talks\/#webpage\",\"url\":\"https:\/\/portaldaacorianidade.azores.gov.pt\/en\/azorean-community-personalities-featured-in-diaspora-talks\/\",\"name\":\"Azorean community personalities featured in \\\"Diaspora Talks\\\" - Portal da A\\u00e7orianidade - plataforma com os sites geridos pela Vice Presid\\u00eancia do Governo\",\"isPartOf\":{\"@id\":\"https:\/\/portaldaacorianidade.azores.gov.pt\/#website\"},\"primaryImageOfPage\":{\"@id\":\"https:\/\/portaldaacorianidade.azores.gov.pt\/en\/azorean-community-personalities-featured-in-diaspora-talks\/#primaryimage\"},\"datePublished\":\"2023-01-03T16:45:00+00:00\",\"dateModified\":\"2023-01-03T16:45:00+00:00\",\"author\":{\"@id\":\"https:\/\/portaldaacorianidade.azores.gov.pt\/#\/schema\/person\/30f08a4a879b417fb08758cfe32fa2b7\"},\"breadcrumb\":{\"@id\":\"https:\/\/portaldaacorianidade.azores.gov.pt\/en\/azorean-community-personalities-featured-in-diaspora-talks\/#breadcrumb\"},\"inLanguage\":\"en-US\",\"potentialAction\":[{\"@type\":\"ReadAction\",\"target\":[\"https:\/\/portaldaacorianidade.azores.gov.pt\/en\/azorean-community-personalities-featured-in-diaspora-talks\/\"]}]},{\"@type\":\"BreadcrumbList\",\"@id\":\"https:\/\/portaldaacorianidade.azores.gov.pt\/en\/azorean-community-personalities-featured-in-diaspora-talks\/#breadcrumb\",\"itemListElement\":[{\"@type\":\"ListItem\",\"position\":1,\"name\":\"Azorean community personalities featured in &#8220;Diaspora Talks&#8221;\"}]},{\"@type\":\"Person\",\"@id\":\"https:\/\/portaldaacorianidade.azores.gov.pt\/#\/schema\/person\/30f08a4a879b417fb08758cfe32fa2b7\",\"name\":\"drc\",\"image\":{\"@type\":\"ImageObject\",\"@id\":\"https:\/\/portaldaacorianidade.azores.gov.pt\/#personlogo\",\"inLanguage\":\"en-US\",\"url\":\"https:\/\/secure.gravatar.com\/avatar\/228c5f796e635a16246d2001595092bb?s=96&d=mm&r=g\",\"contentUrl\":\"https:\/\/secure.gravatar.com\/avatar\/228c5f796e635a16246d2001595092bb?s=96&d=mm&r=g\",\"caption\":\"drc\"},\"url\":\"https:\/\/portaldaacorianidade.azores.gov.pt\/en\/author\/drc\/\"}]}<\/script>\n<!-- \/ Yoast SEO plugin. -->","yoast_head_json":{"title":"Azorean community personalities featured in \"Diaspora Talks\" - Portal da A\u00e7orianidade - plataforma com os sites geridos pela Vice Presid\u00eancia do Governo","robots":{"index":"index","follow":"follow","max-snippet":"max-snippet:-1","max-image-preview":"max-image-preview:large","max-video-preview":"max-video-preview:-1"},"canonical":"https:\/\/portaldaacorianidade.azores.gov.pt\/en\/azorean-community-personalities-featured-in-diaspora-talks\/","og_locale":"en_US","og_type":"article","og_title":"Azorean community personalities featured in \"Diaspora Talks\" - Portal da A\u00e7orianidade - plataforma com os sites geridos pela Vice Presid\u00eancia do Governo","og_description":"The &#8220;Diaspora Talks&#8221; initiative of the Regional Directorate for the Communities returns this month for a new season, now dedicated to biographical interviews with personalities who were born in the Azores and who have made their mark in Azorean communities. This cycle of sessions will be broadcast live on the official Facebook page of the [&hellip;]","og_url":"https:\/\/portaldaacorianidade.azores.gov.pt\/en\/azorean-community-personalities-featured-in-diaspora-talks\/","og_site_name":"Portal da A\u00e7orianidade - plataforma com os sites geridos pela Vice Presid\u00eancia do Governo","article_published_time":"2023-01-03T16:45:00+00:00","og_image":[{"width":3895,"height":2194,"url":"https:\/\/portaldaacorianidade.azores.gov.pt\/wp-content\/uploads\/2023\/01\/Entrevistas-Biograficas_portal-1.png","type":"image\/png"}],"twitter_card":"summary_large_image","twitter_misc":{"Written by":"drc","Est. reading time":"1 minute"},"schema":{"@context":"https:\/\/schema.org","@graph":[{"@type":"WebSite","@id":"https:\/\/portaldaacorianidade.azores.gov.pt\/#website","url":"https:\/\/portaldaacorianidade.azores.gov.pt\/","name":"Portal da A\u00e7orianidade - plataforma com os sites geridos pela Vice Presid\u00eancia do Governo","description":" Plataforma os v\u00e1rios sites geridos pela Vice-Presid\u00eancia do Governo dos A\u00e7ores, atrav\u00e9s da Dire\u00e7\u00e3o Regional das Comunidades","potentialAction":[{"@type":"SearchAction","target":{"@type":"EntryPoint","urlTemplate":"https:\/\/portaldaacorianidade.azores.gov.pt\/?s={search_term_string}"},"query-input":"required name=search_term_string"}],"inLanguage":"en-US"},{"@type":"ImageObject","@id":"https:\/\/portaldaacorianidade.azores.gov.pt\/en\/azorean-community-personalities-featured-in-diaspora-talks\/#primaryimage","inLanguage":"en-US","url":"https:\/\/portaldaacorianidade.azores.gov.pt\/wp-content\/uploads\/2023\/01\/Entrevistas-Biograficas_portal-1.png","contentUrl":"https:\/\/portaldaacorianidade.azores.gov.pt\/wp-content\/uploads\/2023\/01\/Entrevistas-Biograficas_portal-1.png","width":3895,"height":2194},{"@type":"WebPage","@id":"https:\/\/portaldaacorianidade.azores.gov.pt\/en\/azorean-community-personalities-featured-in-diaspora-talks\/#webpage","url":"https:\/\/portaldaacorianidade.azores.gov.pt\/en\/azorean-community-personalities-featured-in-diaspora-talks\/","name":"Azorean community personalities featured in \"Diaspora Talks\" - Portal da A\u00e7orianidade - plataforma com os sites geridos pela Vice Presid\u00eancia do Governo","isPartOf":{"@id":"https:\/\/portaldaacorianidade.azores.gov.pt\/#website"},"primaryImageOfPage":{"@id":"https:\/\/portaldaacorianidade.azores.gov.pt\/en\/azorean-community-personalities-featured-in-diaspora-talks\/#primaryimage"},"datePublished":"2023-01-03T16:45:00+00:00","dateModified":"2023-01-03T16:45:00+00:00","author":{"@id":"https:\/\/portaldaacorianidade.azores.gov.pt\/#\/schema\/person\/30f08a4a879b417fb08758cfe32fa2b7"},"breadcrumb":{"@id":"https:\/\/portaldaacorianidade.azores.gov.pt\/en\/azorean-community-personalities-featured-in-diaspora-talks\/#breadcrumb"},"inLanguage":"en-US","potentialAction":[{"@type":"ReadAction","target":["https:\/\/portaldaacorianidade.azores.gov.pt\/en\/azorean-community-personalities-featured-in-diaspora-talks\/"]}]},{"@type":"BreadcrumbList","@id":"https:\/\/portaldaacorianidade.azores.gov.pt\/en\/azorean-community-personalities-featured-in-diaspora-talks\/#breadcrumb","itemListElement":[{"@type":"ListItem","position":1,"name":"Azorean community personalities featured in &#8220;Diaspora Talks&#8221;"}]},{"@type":"Person","@id":"https:\/\/portaldaacorianidade.azores.gov.pt\/#\/schema\/person\/30f08a4a879b417fb08758cfe32fa2b7","name":"drc","image":{"@type":"ImageObject","@id":"https:\/\/portaldaacorianidade.azores.gov.pt\/#personlogo","inLanguage":"en-US","url":"https:\/\/secure.gravatar.com\/avatar\/228c5f796e635a16246d2001595092bb?s=96&d=mm&r=g","contentUrl":"https:\/\/secure.gravatar.com\/avatar\/228c5f796e635a16246d2001595092bb?s=96&d=mm&r=g","caption":"drc"},"url":"https:\/\/portaldaacorianidade.azores.gov.pt\/en\/author\/drc\/"}]}},"_links":{"self":[{"href":"https:\/\/portaldaacorianidade.azores.gov.pt\/en\/wp-json\/wp\/v2\/posts\/4359"}],"collection":[{"href":"https:\/\/portaldaacorianidade.azores.gov.pt\/en\/wp-json\/wp\/v2\/posts"}],"about":[{"href":"https:\/\/portaldaacorianidade.azores.gov.pt\/en\/wp-json\/wp\/v2\/types\/post"}],"author":[{"embeddable":true,"href":"https:\/\/portaldaacorianidade.azores.gov.pt\/en\/wp-json\/wp\/v2\/users\/3"}],"replies":[{"embeddable":true,"href":"https:\/\/portaldaacorianidade.azores.gov.pt\/en\/wp-json\/wp\/v2\/comments?post=4359"}],"version-history":[{"count":1,"href":"https:\/\/portaldaacorianidade.azores.gov.pt\/en\/wp-json\/wp\/v2\/posts\/4359\/revisions"}],"predecessor-version":[{"id":4362,"href":"https:\/\/portaldaacorianidade.azores.gov.pt\/en\/wp-json\/wp\/v2\/posts\/4359\/revisions\/4362"}],"wp:featuredmedia":[{"embeddable":true,"href":"https:\/\/portaldaacorianidade.azores.gov.pt\/en\/wp-json\/wp\/v2\/media\/4360"}],"wp:attachment":[{"href":"https:\/\/portaldaacorianidade.azores.gov.pt\/en\/wp-json\/wp\/v2\/media?parent=4359"}],"wp:term":[{"taxonomy":"category","embeddable":true,"href":"https:\/\/portaldaacorianidade.azores.gov.pt\/en\/wp-json\/wp\/v2\/categories?post=4359"},{"taxonomy":"post_tag","embeddable":true,"href":"https:\/\/portaldaacorianidade.azores.gov.pt\/en\/wp-json\/wp\/v2\/tags?post=4359"}],"curies":[{"name":"wp","href":"https:\/\/api.w.org\/{rel}","templated":true}]}}