{"id":4282,"date":"2022-10-24T16:05:27","date_gmt":"2022-10-24T16:05:27","guid":{"rendered":"https:\/\/portaldaacorianidade.azores.gov.pt\/?p=4282"},"modified":"2022-10-24T16:05:27","modified_gmt":"2022-10-24T16:05:27","slug":"azorean-and-us-media-meet-in-massachusetts","status":"publish","type":"post","link":"https:\/\/portaldaacorianidade.azores.gov.pt\/en\/azorean-and-us-media-meet-in-massachusetts\/","title":{"rendered":"Azorean and US media meet in Massachusetts"},"content":{"rendered":"<p>The 2nd Meeting of Media Directors from the Azores and North America will take place next week in the East Coast of the United States. The event is sponsored by the Regional Government, through the Regional Directorate for the Communities, and will take place in the cities of Fall River and New Bedford, Massachusetts, on October 25 and 26.<\/p>\n<p>&nbsp;<\/p>\n<p>The meeting will bring together press, radio and television executives from the Autonomous Region of the Azores as well as media organisations serving the Portuguese communities in the United States. The initiative aims to discuss the new challenges of transatlantic communication and formally establish the &#8220;Azores-Diaspora Media Alliance&#8221; association, an instrument that will encourage cooperation, information sharing and exchanges between media entities on both sides of the Atlantic.<\/p>\n<p>&nbsp;<\/p>\n<p>The opening session will be hosted by the Regional Director for the Communities, Jos\u00e9 Andrade. It will be attended by the president of the Casa dos A\u00e7ores of New England, Francisco Viveiros, the director of the PBBI &#8211; Portuguese Beyond Borders Institute at California State University, Diniz Borges, the Counselors of the Portuguese Communities for New England, Jo\u00e3o Pacheco and Paulo Martins, and the Counselors of the Azorean Diaspora for Massachusetts, Rui Baptista, and Rhode Island, M\u00e1rcia Ponte.<\/p>\n<p>The first panel is entitled &#8220;The current situation and future needs of cooperation between the Media organisations of the Azores and the Diaspora.&#8221; The featured speakers are representatives of the regional media: Paulo Sim\u00f5es (A\u00e7oriano Oriental\/R\u00e1dio A\u00e7ores TSF), Jos\u00e9 Louren\u00e7o (Di\u00e1rio Insular), Paulo Correia (RTP\/A\u00e7ores and Antena 1 A\u00e7ores), Paulo Feliciano (Vitec &#8211; Azores TV), Carlos Pires Antunes (R\u00e1dio Atl\u00e2ntida) and Susana Garcia (Tribuna das Ilhas).<\/p>\n<p>The second panel will be entitled &#8220;The Creation of the Azores-Diaspora Media Alliance&#8221; and will feature speeches by media representatives from the United States of America: Francisco Resendes (Portuguese Times), Lurdes da Silva (O Jornal), Helena Silva (The Portuguese Channel), Jorge Morais (R\u00e1dio WJFD), Frank Baptista (R\u00e1dio Voz do Emigrante) and Alberto Benedito (SPT Television and R\u00e1dio Clube Portugu\u00eas).<\/p>\n<p>The two panels, moderated by Jos\u00e9 Andrade and Diniz Borges, include discussion sessions with representatives of other media outlets from the states of Massachusetts, Rhode Island, New Jersey and California. This 2nd Meeting will be replicated in due course with the media organisations serving the Portuguese communities in Canada.<\/p>\n<p>In addition to the working sessions, the Azorean media representatives will have the opportunity to visit several Portuguese media organisations in the cities of New Bedford and Fall River, namely R\u00e1dio Voz do Emigrante, O Portuguese Times, O Jornal, R\u00e1dio WJFD and the Portuguese Channel.<\/p>\n<p>&nbsp;<\/p>\n<p>This 2nd Meeting culminates with the signing of a memorandum of understanding for the establishment of the &#8220;Azores &#8211; Diaspora Media Alliance,&#8221; open to all media organisations that wish to join, under the aegis of the PBBI &#8211; Portuguese Beyond Borders Institute of California State University, Fresno.<\/p>\n<p>&nbsp;<\/p>\n<p>The 1st Meeting of Media Directors from the Azores and North America, held in Ponta Delgada on May 19, was attended by 12 media directors serving the largest Azorean communities in the United States and Canada.<\/p>\n<p>&nbsp;<\/p>\n<p>This initiative is supported by the House of the Azores of New England, the California State University and the Luso-American Development Foundation (FLAD).<\/p>\n","protected":false},"excerpt":{"rendered":"<p>The 2nd Meeting of Media Directors from the Azores and North America will take place next week in the East Coast of the United States. The event is sponsored by the Regional Government, through the Regional Directorate for the Communities, and will take place in the cities of Fall River and New Bedford, Massachusetts, on [&hellip;]<\/p>\n","protected":false},"author":3,"featured_media":4280,"comment_status":"closed","ping_status":"closed","sticky":false,"template":"","format":"standard","meta":[],"categories":[32],"tags":[],"yoast_head":"<!-- This site is optimized with the Yoast SEO plugin v17.3 - https:\/\/yoast.com\/wordpress\/plugins\/seo\/ -->\n<title>Azorean and US media meet in Massachusetts - Portal da A\u00e7orianidade - plataforma com os sites geridos pela Vice Presid\u00eancia do Governo<\/title>\n<meta name=\"robots\" content=\"index, follow, max-snippet:-1, max-image-preview:large, max-video-preview:-1\" \/>\n<link rel=\"canonical\" href=\"https:\/\/portaldaacorianidade.azores.gov.pt\/en\/azorean-and-us-media-meet-in-massachusetts\/\" \/>\n<meta property=\"og:locale\" content=\"en_US\" \/>\n<meta property=\"og:type\" content=\"article\" \/>\n<meta property=\"og:title\" content=\"Azorean and US media meet in Massachusetts - Portal da A\u00e7orianidade - plataforma com os sites geridos pela Vice Presid\u00eancia do Governo\" \/>\n<meta property=\"og:description\" content=\"The 2nd Meeting of Media Directors from the Azores and North America will take place next week in the East Coast of the United States. The event is sponsored by the Regional Government, through the Regional Directorate for the Communities, and will take place in the cities of Fall River and New Bedford, Massachusetts, on [&hellip;]\" \/>\n<meta property=\"og:url\" content=\"https:\/\/portaldaacorianidade.azores.gov.pt\/en\/azorean-and-us-media-meet-in-massachusetts\/\" \/>\n<meta property=\"og:site_name\" content=\"Portal da A\u00e7orianidade - plataforma com os sites geridos pela Vice Presid\u00eancia do Governo\" \/>\n<meta property=\"article:published_time\" content=\"2022-10-24T16:05:27+00:00\" \/>\n<meta property=\"og:image\" content=\"https:\/\/portaldaacorianidade.azores.gov.pt\/wp-content\/uploads\/2022\/10\/II-OCS_portal-2.png\" \/>\n\t<meta property=\"og:image:width\" content=\"1640\" \/>\n\t<meta property=\"og:image:height\" content=\"924\" \/>\n<meta name=\"twitter:card\" content=\"summary_large_image\" \/>\n<meta name=\"twitter:label1\" content=\"Written by\" \/>\n\t<meta name=\"twitter:data1\" content=\"drc\" \/>\n\t<meta name=\"twitter:label2\" content=\"Est. reading time\" \/>\n\t<meta name=\"twitter:data2\" content=\"3 minutes\" \/>\n<script type=\"application\/ld+json\" class=\"yoast-schema-graph\">{\"@context\":\"https:\/\/schema.org\",\"@graph\":[{\"@type\":\"WebSite\",\"@id\":\"https:\/\/portaldaacorianidade.azores.gov.pt\/#website\",\"url\":\"https:\/\/portaldaacorianidade.azores.gov.pt\/\",\"name\":\"Portal da A\\u00e7orianidade - plataforma com os sites geridos pela Vice Presid\\u00eancia do Governo\",\"description\":\" Plataforma os v\\u00e1rios sites geridos pela Vice-Presid\\u00eancia do Governo dos A\\u00e7ores, atrav\\u00e9s da Dire\\u00e7\\u00e3o Regional das Comunidades\",\"potentialAction\":[{\"@type\":\"SearchAction\",\"target\":{\"@type\":\"EntryPoint\",\"urlTemplate\":\"https:\/\/portaldaacorianidade.azores.gov.pt\/?s={search_term_string}\"},\"query-input\":\"required name=search_term_string\"}],\"inLanguage\":\"en-US\"},{\"@type\":\"ImageObject\",\"@id\":\"https:\/\/portaldaacorianidade.azores.gov.pt\/en\/azorean-and-us-media-meet-in-massachusetts\/#primaryimage\",\"inLanguage\":\"en-US\",\"url\":\"https:\/\/portaldaacorianidade.azores.gov.pt\/wp-content\/uploads\/2022\/10\/II-OCS_portal-2.png\",\"contentUrl\":\"https:\/\/portaldaacorianidade.azores.gov.pt\/wp-content\/uploads\/2022\/10\/II-OCS_portal-2.png\",\"width\":1640,\"height\":924},{\"@type\":\"WebPage\",\"@id\":\"https:\/\/portaldaacorianidade.azores.gov.pt\/en\/azorean-and-us-media-meet-in-massachusetts\/#webpage\",\"url\":\"https:\/\/portaldaacorianidade.azores.gov.pt\/en\/azorean-and-us-media-meet-in-massachusetts\/\",\"name\":\"Azorean and US media meet in Massachusetts - Portal da A\\u00e7orianidade - plataforma com os sites geridos pela Vice Presid\\u00eancia do Governo\",\"isPartOf\":{\"@id\":\"https:\/\/portaldaacorianidade.azores.gov.pt\/#website\"},\"primaryImageOfPage\":{\"@id\":\"https:\/\/portaldaacorianidade.azores.gov.pt\/en\/azorean-and-us-media-meet-in-massachusetts\/#primaryimage\"},\"datePublished\":\"2022-10-24T16:05:27+00:00\",\"dateModified\":\"2022-10-24T16:05:27+00:00\",\"author\":{\"@id\":\"https:\/\/portaldaacorianidade.azores.gov.pt\/#\/schema\/person\/30f08a4a879b417fb08758cfe32fa2b7\"},\"breadcrumb\":{\"@id\":\"https:\/\/portaldaacorianidade.azores.gov.pt\/en\/azorean-and-us-media-meet-in-massachusetts\/#breadcrumb\"},\"inLanguage\":\"en-US\",\"potentialAction\":[{\"@type\":\"ReadAction\",\"target\":[\"https:\/\/portaldaacorianidade.azores.gov.pt\/en\/azorean-and-us-media-meet-in-massachusetts\/\"]}]},{\"@type\":\"BreadcrumbList\",\"@id\":\"https:\/\/portaldaacorianidade.azores.gov.pt\/en\/azorean-and-us-media-meet-in-massachusetts\/#breadcrumb\",\"itemListElement\":[{\"@type\":\"ListItem\",\"position\":1,\"name\":\"Azorean and US media meet in Massachusetts\"}]},{\"@type\":\"Person\",\"@id\":\"https:\/\/portaldaacorianidade.azores.gov.pt\/#\/schema\/person\/30f08a4a879b417fb08758cfe32fa2b7\",\"name\":\"drc\",\"image\":{\"@type\":\"ImageObject\",\"@id\":\"https:\/\/portaldaacorianidade.azores.gov.pt\/#personlogo\",\"inLanguage\":\"en-US\",\"url\":\"https:\/\/secure.gravatar.com\/avatar\/228c5f796e635a16246d2001595092bb?s=96&d=mm&r=g\",\"contentUrl\":\"https:\/\/secure.gravatar.com\/avatar\/228c5f796e635a16246d2001595092bb?s=96&d=mm&r=g\",\"caption\":\"drc\"},\"url\":\"https:\/\/portaldaacorianidade.azores.gov.pt\/en\/author\/drc\/\"}]}<\/script>\n<!-- \/ Yoast SEO plugin. -->","yoast_head_json":{"title":"Azorean and US media meet in Massachusetts - Portal da A\u00e7orianidade - plataforma com os sites geridos pela Vice Presid\u00eancia do Governo","robots":{"index":"index","follow":"follow","max-snippet":"max-snippet:-1","max-image-preview":"max-image-preview:large","max-video-preview":"max-video-preview:-1"},"canonical":"https:\/\/portaldaacorianidade.azores.gov.pt\/en\/azorean-and-us-media-meet-in-massachusetts\/","og_locale":"en_US","og_type":"article","og_title":"Azorean and US media meet in Massachusetts - Portal da A\u00e7orianidade - plataforma com os sites geridos pela Vice Presid\u00eancia do Governo","og_description":"The 2nd Meeting of Media Directors from the Azores and North America will take place next week in the East Coast of the United States. The event is sponsored by the Regional Government, through the Regional Directorate for the Communities, and will take place in the cities of Fall River and New Bedford, Massachusetts, on [&hellip;]","og_url":"https:\/\/portaldaacorianidade.azores.gov.pt\/en\/azorean-and-us-media-meet-in-massachusetts\/","og_site_name":"Portal da A\u00e7orianidade - plataforma com os sites geridos pela Vice Presid\u00eancia do Governo","article_published_time":"2022-10-24T16:05:27+00:00","og_image":[{"width":1640,"height":924,"url":"https:\/\/portaldaacorianidade.azores.gov.pt\/wp-content\/uploads\/2022\/10\/II-OCS_portal-2.png","type":"image\/png"}],"twitter_card":"summary_large_image","twitter_misc":{"Written by":"drc","Est. reading time":"3 minutes"},"schema":{"@context":"https:\/\/schema.org","@graph":[{"@type":"WebSite","@id":"https:\/\/portaldaacorianidade.azores.gov.pt\/#website","url":"https:\/\/portaldaacorianidade.azores.gov.pt\/","name":"Portal da A\u00e7orianidade - plataforma com os sites geridos pela Vice Presid\u00eancia do Governo","description":" Plataforma os v\u00e1rios sites geridos pela Vice-Presid\u00eancia do Governo dos A\u00e7ores, atrav\u00e9s da Dire\u00e7\u00e3o Regional das Comunidades","potentialAction":[{"@type":"SearchAction","target":{"@type":"EntryPoint","urlTemplate":"https:\/\/portaldaacorianidade.azores.gov.pt\/?s={search_term_string}"},"query-input":"required name=search_term_string"}],"inLanguage":"en-US"},{"@type":"ImageObject","@id":"https:\/\/portaldaacorianidade.azores.gov.pt\/en\/azorean-and-us-media-meet-in-massachusetts\/#primaryimage","inLanguage":"en-US","url":"https:\/\/portaldaacorianidade.azores.gov.pt\/wp-content\/uploads\/2022\/10\/II-OCS_portal-2.png","contentUrl":"https:\/\/portaldaacorianidade.azores.gov.pt\/wp-content\/uploads\/2022\/10\/II-OCS_portal-2.png","width":1640,"height":924},{"@type":"WebPage","@id":"https:\/\/portaldaacorianidade.azores.gov.pt\/en\/azorean-and-us-media-meet-in-massachusetts\/#webpage","url":"https:\/\/portaldaacorianidade.azores.gov.pt\/en\/azorean-and-us-media-meet-in-massachusetts\/","name":"Azorean and US media meet in Massachusetts - Portal da A\u00e7orianidade - plataforma com os sites geridos pela Vice Presid\u00eancia do Governo","isPartOf":{"@id":"https:\/\/portaldaacorianidade.azores.gov.pt\/#website"},"primaryImageOfPage":{"@id":"https:\/\/portaldaacorianidade.azores.gov.pt\/en\/azorean-and-us-media-meet-in-massachusetts\/#primaryimage"},"datePublished":"2022-10-24T16:05:27+00:00","dateModified":"2022-10-24T16:05:27+00:00","author":{"@id":"https:\/\/portaldaacorianidade.azores.gov.pt\/#\/schema\/person\/30f08a4a879b417fb08758cfe32fa2b7"},"breadcrumb":{"@id":"https:\/\/portaldaacorianidade.azores.gov.pt\/en\/azorean-and-us-media-meet-in-massachusetts\/#breadcrumb"},"inLanguage":"en-US","potentialAction":[{"@type":"ReadAction","target":["https:\/\/portaldaacorianidade.azores.gov.pt\/en\/azorean-and-us-media-meet-in-massachusetts\/"]}]},{"@type":"BreadcrumbList","@id":"https:\/\/portaldaacorianidade.azores.gov.pt\/en\/azorean-and-us-media-meet-in-massachusetts\/#breadcrumb","itemListElement":[{"@type":"ListItem","position":1,"name":"Azorean and US media meet in Massachusetts"}]},{"@type":"Person","@id":"https:\/\/portaldaacorianidade.azores.gov.pt\/#\/schema\/person\/30f08a4a879b417fb08758cfe32fa2b7","name":"drc","image":{"@type":"ImageObject","@id":"https:\/\/portaldaacorianidade.azores.gov.pt\/#personlogo","inLanguage":"en-US","url":"https:\/\/secure.gravatar.com\/avatar\/228c5f796e635a16246d2001595092bb?s=96&d=mm&r=g","contentUrl":"https:\/\/secure.gravatar.com\/avatar\/228c5f796e635a16246d2001595092bb?s=96&d=mm&r=g","caption":"drc"},"url":"https:\/\/portaldaacorianidade.azores.gov.pt\/en\/author\/drc\/"}]}},"_links":{"self":[{"href":"https:\/\/portaldaacorianidade.azores.gov.pt\/en\/wp-json\/wp\/v2\/posts\/4282"}],"collection":[{"href":"https:\/\/portaldaacorianidade.azores.gov.pt\/en\/wp-json\/wp\/v2\/posts"}],"about":[{"href":"https:\/\/portaldaacorianidade.azores.gov.pt\/en\/wp-json\/wp\/v2\/types\/post"}],"author":[{"embeddable":true,"href":"https:\/\/portaldaacorianidade.azores.gov.pt\/en\/wp-json\/wp\/v2\/users\/3"}],"replies":[{"embeddable":true,"href":"https:\/\/portaldaacorianidade.azores.gov.pt\/en\/wp-json\/wp\/v2\/comments?post=4282"}],"version-history":[{"count":1,"href":"https:\/\/portaldaacorianidade.azores.gov.pt\/en\/wp-json\/wp\/v2\/posts\/4282\/revisions"}],"predecessor-version":[{"id":4283,"href":"https:\/\/portaldaacorianidade.azores.gov.pt\/en\/wp-json\/wp\/v2\/posts\/4282\/revisions\/4283"}],"wp:featuredmedia":[{"embeddable":true,"href":"https:\/\/portaldaacorianidade.azores.gov.pt\/en\/wp-json\/wp\/v2\/media\/4280"}],"wp:attachment":[{"href":"https:\/\/portaldaacorianidade.azores.gov.pt\/en\/wp-json\/wp\/v2\/media?parent=4282"}],"wp:term":[{"taxonomy":"category","embeddable":true,"href":"https:\/\/portaldaacorianidade.azores.gov.pt\/en\/wp-json\/wp\/v2\/categories?post=4282"},{"taxonomy":"post_tag","embeddable":true,"href":"https:\/\/portaldaacorianidade.azores.gov.pt\/en\/wp-json\/wp\/v2\/tags?post=4282"}],"curies":[{"name":"wp","href":"https:\/\/api.w.org\/{rel}","templated":true}]}}