{"id":4043,"date":"2022-02-21T16:55:04","date_gmt":"2022-02-21T16:55:04","guid":{"rendered":"https:\/\/portaldaacorianidade.azores.gov.pt\/?p=4043"},"modified":"2022-03-24T16:42:15","modified_gmt":"2022-03-24T16:42:15","slug":"conversations-of-the-diaspora-promote-social-cultural-and-educational-organizations","status":"publish","type":"post","link":"https:\/\/portaldaacorianidade.azores.gov.pt\/en\/conversations-of-the-diaspora-promote-social-cultural-and-educational-organizations\/","title":{"rendered":"Conversations of the Diaspora promote social, cultural and educational organizations"},"content":{"rendered":"<p>The Vice-Presidency of the Government of the Azores, through the Regional Directorate for the Communities, starts this month a new cycle of the initiative \u201cConversations of the Diaspora\u201d, dedicated to highlight the organization from the United States of America, Canada, Brazil and Bermuda that have cooperation protocols with the Regional Government and that develop their work in the areas of migrants\u2019 social support and integration, Portuguese language promotion and the dissemination and preservation of the Azorean cultural identity.<\/p>\n<p>After the success achieved with the first three cycles of the \u201cConversations of the Diaspora\u201d, dedicated namely to the Houses of the Azores, to the Azorean Diaspora Councilors and to the Media, this initiative returns to make known the faces, the work, the resources and the challenges of the institutions from the communities mentioned and that have protocols established with the Government of the Azores.<\/p>\n<p>The first session of this cycle is scheduled to January 31<sup>st<\/sup>, with the association Abrigo Centre, of Toronto, Canada, followed by the Catholic Social Services (from Fall River, USA), on February 7<sup>th<\/sup>, the Socio-community Centre of Montreal (from Canada) on February 14<sup>th<\/sup>, POSSO- Portuguese Organization for Social Services and Opportunities (from San Jos\u00e9, USA) on February 21<sup>st<\/sup> and Vasco da Gama School (from Hamilton, Bermuda) on February 28<sup>th<\/sup>.<\/p>\n<p>In March, the \u201cConversations of the Diaspora\u201d give voice to the Immigrants Assistance Centre, on the 7<sup>th<\/sup>, the Working Women Community Centre (from Toronto, Canada) on the 14<sup>th<\/sup>, VALER &#8211; Valley Area Living Enabling Resources (from Turlock, USA) on the 21<sup>st<\/sup> and Mission Santa Cruz (from Montreal, Canada) on the 28<sup>th<\/sup>.<\/p>\n<p>During the month of April, the guests for \u201cConversations of the Diaspora\u201d will be MAPS &#8211; Massachusetts Alliance of Portuguese Speakers (from Cambridge, USA) on the 4<sup>th<\/sup>, the Centre of Azorean Studies of the Federal University of Santa Catarina (from Florianopolis, Brazil) on the 11<sup>th<\/sup> and SER Jobs for Progress (from Fall River, USA) on the 18<sup>th<\/sup>.<\/p>\n<p>Finally, the highlight goes to the Luso Canadian Charitable Society (from Hamilton, Canada) on May 2<sup>nd<\/sup>, the Centro Comunit\u00e1rio Amigos da Terceira (from Pawtucket, USA) on May 9<sup>th<\/sup>, the Portuguese Cultural Centre (Mississauga, Canada) on May 16<sup>th<\/sup>, the Center for Portuguese Studies and Culture from the University of Massachusetts (Dartmouth, USA) on May 23<sup>rd<\/sup> and Portuguese Beyond Borders Institute from the University of California (from Fresno, USA) on May 30<sup>th<\/sup>.<\/p>\n<p>The \u201cConversations of the Diaspora\u201d will be streamed live on the official webpage of the Regional Directorate for the Communities on the social media Facebook, Mondays at 6pm Azorean time, conducted by the Regional Director Jos\u00e9 Andrade.<\/p>\n","protected":false},"excerpt":{"rendered":"<p>The Vice-Presidency of the Government of the Azores, through the Regional Directorate for the Communities, starts this month a new cycle of the initiative \u201cConversations of the Diaspora\u201d, dedicated to highlight the organization from the United States of America, Canada, Brazil and Bermuda that have cooperation protocols with the Regional Government and that develop their [&hellip;]<\/p>\n","protected":false},"author":3,"featured_media":4044,"comment_status":"closed","ping_status":"closed","sticky":false,"template":"","format":"standard","meta":[],"categories":[13],"tags":[],"yoast_head":"<!-- This site is optimized with the Yoast SEO plugin v17.3 - https:\/\/yoast.com\/wordpress\/plugins\/seo\/ -->\n<title>Conversations of the Diaspora promote social, cultural and educational organizations - Portal da A\u00e7orianidade - plataforma com os sites geridos pela Vice Presid\u00eancia do Governo<\/title>\n<meta name=\"robots\" content=\"index, follow, max-snippet:-1, max-image-preview:large, max-video-preview:-1\" \/>\n<link rel=\"canonical\" href=\"https:\/\/portaldaacorianidade.azores.gov.pt\/en\/conversations-of-the-diaspora-promote-social-cultural-and-educational-organizations\/\" \/>\n<meta property=\"og:locale\" content=\"en_US\" \/>\n<meta property=\"og:type\" content=\"article\" \/>\n<meta property=\"og:title\" content=\"Conversations of the Diaspora promote social, cultural and educational organizations - Portal da A\u00e7orianidade - plataforma com os sites geridos pela Vice Presid\u00eancia do Governo\" \/>\n<meta property=\"og:description\" content=\"The Vice-Presidency of the Government of the Azores, through the Regional Directorate for the Communities, starts this month a new cycle of the initiative \u201cConversations of the Diaspora\u201d, dedicated to highlight the organization from the United States of America, Canada, Brazil and Bermuda that have cooperation protocols with the Regional Government and that develop their [&hellip;]\" \/>\n<meta property=\"og:url\" content=\"https:\/\/portaldaacorianidade.azores.gov.pt\/en\/conversations-of-the-diaspora-promote-social-cultural-and-educational-organizations\/\" \/>\n<meta property=\"og:site_name\" content=\"Portal da A\u00e7orianidade - plataforma com os sites geridos pela Vice Presid\u00eancia do Governo\" \/>\n<meta property=\"article:published_time\" content=\"2022-02-21T16:55:04+00:00\" \/>\n<meta property=\"article:modified_time\" content=\"2022-03-24T16:42:15+00:00\" \/>\n<meta property=\"og:image\" content=\"https:\/\/portaldaacorianidade.azores.gov.pt\/wp-content\/uploads\/2022\/02\/22.1915.jpg\" \/>\n\t<meta property=\"og:image:width\" content=\"940\" \/>\n\t<meta property=\"og:image:height\" content=\"788\" \/>\n<meta name=\"twitter:card\" content=\"summary_large_image\" \/>\n<meta name=\"twitter:label1\" content=\"Written by\" \/>\n\t<meta name=\"twitter:data1\" content=\"drc\" \/>\n\t<meta name=\"twitter:label2\" content=\"Est. reading time\" \/>\n\t<meta name=\"twitter:data2\" content=\"2 minutes\" \/>\n<script type=\"application\/ld+json\" class=\"yoast-schema-graph\">{\"@context\":\"https:\/\/schema.org\",\"@graph\":[{\"@type\":\"WebSite\",\"@id\":\"https:\/\/portaldaacorianidade.azores.gov.pt\/#website\",\"url\":\"https:\/\/portaldaacorianidade.azores.gov.pt\/\",\"name\":\"Portal da A\\u00e7orianidade - plataforma com os sites geridos pela Vice Presid\\u00eancia do Governo\",\"description\":\" Plataforma os v\\u00e1rios sites geridos pela Vice-Presid\\u00eancia do Governo dos A\\u00e7ores, atrav\\u00e9s da Dire\\u00e7\\u00e3o Regional das Comunidades\",\"potentialAction\":[{\"@type\":\"SearchAction\",\"target\":{\"@type\":\"EntryPoint\",\"urlTemplate\":\"https:\/\/portaldaacorianidade.azores.gov.pt\/?s={search_term_string}\"},\"query-input\":\"required name=search_term_string\"}],\"inLanguage\":\"en-US\"},{\"@type\":\"ImageObject\",\"@id\":\"https:\/\/portaldaacorianidade.azores.gov.pt\/en\/conversations-of-the-diaspora-promote-social-cultural-and-educational-organizations\/#primaryimage\",\"inLanguage\":\"en-US\",\"url\":\"https:\/\/portaldaacorianidade.azores.gov.pt\/wp-content\/uploads\/2022\/02\/22.1915.jpg\",\"contentUrl\":\"https:\/\/portaldaacorianidade.azores.gov.pt\/wp-content\/uploads\/2022\/02\/22.1915.jpg\",\"width\":940,\"height\":788},{\"@type\":\"WebPage\",\"@id\":\"https:\/\/portaldaacorianidade.azores.gov.pt\/en\/conversations-of-the-diaspora-promote-social-cultural-and-educational-organizations\/#webpage\",\"url\":\"https:\/\/portaldaacorianidade.azores.gov.pt\/en\/conversations-of-the-diaspora-promote-social-cultural-and-educational-organizations\/\",\"name\":\"Conversations of the Diaspora promote social, cultural and educational organizations - Portal da A\\u00e7orianidade - plataforma com os sites geridos pela Vice Presid\\u00eancia do Governo\",\"isPartOf\":{\"@id\":\"https:\/\/portaldaacorianidade.azores.gov.pt\/#website\"},\"primaryImageOfPage\":{\"@id\":\"https:\/\/portaldaacorianidade.azores.gov.pt\/en\/conversations-of-the-diaspora-promote-social-cultural-and-educational-organizations\/#primaryimage\"},\"datePublished\":\"2022-02-21T16:55:04+00:00\",\"dateModified\":\"2022-03-24T16:42:15+00:00\",\"author\":{\"@id\":\"https:\/\/portaldaacorianidade.azores.gov.pt\/#\/schema\/person\/30f08a4a879b417fb08758cfe32fa2b7\"},\"breadcrumb\":{\"@id\":\"https:\/\/portaldaacorianidade.azores.gov.pt\/en\/conversations-of-the-diaspora-promote-social-cultural-and-educational-organizations\/#breadcrumb\"},\"inLanguage\":\"en-US\",\"potentialAction\":[{\"@type\":\"ReadAction\",\"target\":[\"https:\/\/portaldaacorianidade.azores.gov.pt\/en\/conversations-of-the-diaspora-promote-social-cultural-and-educational-organizations\/\"]}]},{\"@type\":\"BreadcrumbList\",\"@id\":\"https:\/\/portaldaacorianidade.azores.gov.pt\/en\/conversations-of-the-diaspora-promote-social-cultural-and-educational-organizations\/#breadcrumb\",\"itemListElement\":[{\"@type\":\"ListItem\",\"position\":1,\"name\":\"Conversations of the Diaspora promote social, cultural and educational organizations\"}]},{\"@type\":\"Person\",\"@id\":\"https:\/\/portaldaacorianidade.azores.gov.pt\/#\/schema\/person\/30f08a4a879b417fb08758cfe32fa2b7\",\"name\":\"drc\",\"image\":{\"@type\":\"ImageObject\",\"@id\":\"https:\/\/portaldaacorianidade.azores.gov.pt\/#personlogo\",\"inLanguage\":\"en-US\",\"url\":\"https:\/\/secure.gravatar.com\/avatar\/228c5f796e635a16246d2001595092bb?s=96&d=mm&r=g\",\"contentUrl\":\"https:\/\/secure.gravatar.com\/avatar\/228c5f796e635a16246d2001595092bb?s=96&d=mm&r=g\",\"caption\":\"drc\"},\"url\":\"https:\/\/portaldaacorianidade.azores.gov.pt\/en\/author\/drc\/\"}]}<\/script>\n<!-- \/ Yoast SEO plugin. -->","yoast_head_json":{"title":"Conversations of the Diaspora promote social, cultural and educational organizations - Portal da A\u00e7orianidade - plataforma com os sites geridos pela Vice Presid\u00eancia do Governo","robots":{"index":"index","follow":"follow","max-snippet":"max-snippet:-1","max-image-preview":"max-image-preview:large","max-video-preview":"max-video-preview:-1"},"canonical":"https:\/\/portaldaacorianidade.azores.gov.pt\/en\/conversations-of-the-diaspora-promote-social-cultural-and-educational-organizations\/","og_locale":"en_US","og_type":"article","og_title":"Conversations of the Diaspora promote social, cultural and educational organizations - Portal da A\u00e7orianidade - plataforma com os sites geridos pela Vice Presid\u00eancia do Governo","og_description":"The Vice-Presidency of the Government of the Azores, through the Regional Directorate for the Communities, starts this month a new cycle of the initiative \u201cConversations of the Diaspora\u201d, dedicated to highlight the organization from the United States of America, Canada, Brazil and Bermuda that have cooperation protocols with the Regional Government and that develop their [&hellip;]","og_url":"https:\/\/portaldaacorianidade.azores.gov.pt\/en\/conversations-of-the-diaspora-promote-social-cultural-and-educational-organizations\/","og_site_name":"Portal da A\u00e7orianidade - plataforma com os sites geridos pela Vice Presid\u00eancia do Governo","article_published_time":"2022-02-21T16:55:04+00:00","article_modified_time":"2022-03-24T16:42:15+00:00","og_image":[{"width":940,"height":788,"url":"https:\/\/portaldaacorianidade.azores.gov.pt\/wp-content\/uploads\/2022\/02\/22.1915.jpg","type":"image\/jpeg"}],"twitter_card":"summary_large_image","twitter_misc":{"Written by":"drc","Est. reading time":"2 minutes"},"schema":{"@context":"https:\/\/schema.org","@graph":[{"@type":"WebSite","@id":"https:\/\/portaldaacorianidade.azores.gov.pt\/#website","url":"https:\/\/portaldaacorianidade.azores.gov.pt\/","name":"Portal da A\u00e7orianidade - plataforma com os sites geridos pela Vice Presid\u00eancia do Governo","description":" Plataforma os v\u00e1rios sites geridos pela Vice-Presid\u00eancia do Governo dos A\u00e7ores, atrav\u00e9s da Dire\u00e7\u00e3o Regional das Comunidades","potentialAction":[{"@type":"SearchAction","target":{"@type":"EntryPoint","urlTemplate":"https:\/\/portaldaacorianidade.azores.gov.pt\/?s={search_term_string}"},"query-input":"required name=search_term_string"}],"inLanguage":"en-US"},{"@type":"ImageObject","@id":"https:\/\/portaldaacorianidade.azores.gov.pt\/en\/conversations-of-the-diaspora-promote-social-cultural-and-educational-organizations\/#primaryimage","inLanguage":"en-US","url":"https:\/\/portaldaacorianidade.azores.gov.pt\/wp-content\/uploads\/2022\/02\/22.1915.jpg","contentUrl":"https:\/\/portaldaacorianidade.azores.gov.pt\/wp-content\/uploads\/2022\/02\/22.1915.jpg","width":940,"height":788},{"@type":"WebPage","@id":"https:\/\/portaldaacorianidade.azores.gov.pt\/en\/conversations-of-the-diaspora-promote-social-cultural-and-educational-organizations\/#webpage","url":"https:\/\/portaldaacorianidade.azores.gov.pt\/en\/conversations-of-the-diaspora-promote-social-cultural-and-educational-organizations\/","name":"Conversations of the Diaspora promote social, cultural and educational organizations - Portal da A\u00e7orianidade - plataforma com os sites geridos pela Vice Presid\u00eancia do Governo","isPartOf":{"@id":"https:\/\/portaldaacorianidade.azores.gov.pt\/#website"},"primaryImageOfPage":{"@id":"https:\/\/portaldaacorianidade.azores.gov.pt\/en\/conversations-of-the-diaspora-promote-social-cultural-and-educational-organizations\/#primaryimage"},"datePublished":"2022-02-21T16:55:04+00:00","dateModified":"2022-03-24T16:42:15+00:00","author":{"@id":"https:\/\/portaldaacorianidade.azores.gov.pt\/#\/schema\/person\/30f08a4a879b417fb08758cfe32fa2b7"},"breadcrumb":{"@id":"https:\/\/portaldaacorianidade.azores.gov.pt\/en\/conversations-of-the-diaspora-promote-social-cultural-and-educational-organizations\/#breadcrumb"},"inLanguage":"en-US","potentialAction":[{"@type":"ReadAction","target":["https:\/\/portaldaacorianidade.azores.gov.pt\/en\/conversations-of-the-diaspora-promote-social-cultural-and-educational-organizations\/"]}]},{"@type":"BreadcrumbList","@id":"https:\/\/portaldaacorianidade.azores.gov.pt\/en\/conversations-of-the-diaspora-promote-social-cultural-and-educational-organizations\/#breadcrumb","itemListElement":[{"@type":"ListItem","position":1,"name":"Conversations of the Diaspora promote social, cultural and educational organizations"}]},{"@type":"Person","@id":"https:\/\/portaldaacorianidade.azores.gov.pt\/#\/schema\/person\/30f08a4a879b417fb08758cfe32fa2b7","name":"drc","image":{"@type":"ImageObject","@id":"https:\/\/portaldaacorianidade.azores.gov.pt\/#personlogo","inLanguage":"en-US","url":"https:\/\/secure.gravatar.com\/avatar\/228c5f796e635a16246d2001595092bb?s=96&d=mm&r=g","contentUrl":"https:\/\/secure.gravatar.com\/avatar\/228c5f796e635a16246d2001595092bb?s=96&d=mm&r=g","caption":"drc"},"url":"https:\/\/portaldaacorianidade.azores.gov.pt\/en\/author\/drc\/"}]}},"_links":{"self":[{"href":"https:\/\/portaldaacorianidade.azores.gov.pt\/en\/wp-json\/wp\/v2\/posts\/4043"}],"collection":[{"href":"https:\/\/portaldaacorianidade.azores.gov.pt\/en\/wp-json\/wp\/v2\/posts"}],"about":[{"href":"https:\/\/portaldaacorianidade.azores.gov.pt\/en\/wp-json\/wp\/v2\/types\/post"}],"author":[{"embeddable":true,"href":"https:\/\/portaldaacorianidade.azores.gov.pt\/en\/wp-json\/wp\/v2\/users\/3"}],"replies":[{"embeddable":true,"href":"https:\/\/portaldaacorianidade.azores.gov.pt\/en\/wp-json\/wp\/v2\/comments?post=4043"}],"version-history":[{"count":1,"href":"https:\/\/portaldaacorianidade.azores.gov.pt\/en\/wp-json\/wp\/v2\/posts\/4043\/revisions"}],"predecessor-version":[{"id":4046,"href":"https:\/\/portaldaacorianidade.azores.gov.pt\/en\/wp-json\/wp\/v2\/posts\/4043\/revisions\/4046"}],"wp:featuredmedia":[{"embeddable":true,"href":"https:\/\/portaldaacorianidade.azores.gov.pt\/en\/wp-json\/wp\/v2\/media\/4044"}],"wp:attachment":[{"href":"https:\/\/portaldaacorianidade.azores.gov.pt\/en\/wp-json\/wp\/v2\/media?parent=4043"}],"wp:term":[{"taxonomy":"category","embeddable":true,"href":"https:\/\/portaldaacorianidade.azores.gov.pt\/en\/wp-json\/wp\/v2\/categories?post=4043"},{"taxonomy":"post_tag","embeddable":true,"href":"https:\/\/portaldaacorianidade.azores.gov.pt\/en\/wp-json\/wp\/v2\/tags?post=4043"}],"curies":[{"name":"wp","href":"https:\/\/api.w.org\/{rel}","templated":true}]}}